{"id":20897,"date":"2026-07-27T13:07:11","date_gmt":"2026-07-27T11:07:11","guid":{"rendered":"https:\/\/obcocinas.es\/blog\/cozinhas-abertas-para-a-sala-vantagens-design-e-como-integra-las\/"},"modified":"2026-08-31T18:49:58","modified_gmt":"2026-08-31T16:49:58","slug":"cozinhas-abertas-para-a-sala-vantagens-design-e-como-integra-las","status":"publish","type":"post","link":"https:\/\/obcocinas.es\/pt\/blog\/cozinhas-abertas-para-a-sala-vantagens-design-e-como-integra-las\/","title":{"rendered":"Cozinhas abertas para a sala: Vantagens, design e como integr\u00e1-las"},"content":{"rendered":"\n<p class=\"wp-block-paragraph\">Derrubar paredes e unir espa\u00e7os tornou-se a reforma estrela da \u00faltima d\u00e9cada. As <strong>cozinhas abertas para a sala<\/strong> transformaram por completo a forma como vivemos e desfrutamos da nossa casa. <\/p>\n\n<p class=\"wp-block-paragraph\">No entanto, para que o resultado seja elegante, n\u00e3o basta deitar abaixo uma parede. De seguida, apresentamos-lhe as chaves de design para fundir ambos os ambientes com sucesso. <\/p>\n\n<h2 class=\"wp-block-heading\"><strong>\u00bfPor que triunfa o conceito aberto no lar?<\/strong><\/h2>\n\n<p class=\"wp-block-paragraph\">A cozinha deixou de ser um lugar isolado e de trabalho exclusivo para se tornar o cora\u00e7\u00e3o social da habita\u00e7\u00e3o. Abrir este espa\u00e7o para a sala de estar ou de jantar traz benef\u00edcios incr\u00edveis para o seu dia a dia: <\/p>\n\n<ul class=\"wp-block-list\">\n<li><strong>Maior luminosidade:<\/strong> Ao eliminar obst\u00e1culos, a luz natural flui livremente por todo o piso.<\/li>\n\n\n\n<li><strong>Amplitude visual:<\/strong> Os metros quadrados somam-se, fazendo com que as casas pare\u00e7am muito maiores.<\/li>\n\n\n\n<li><strong>Conex\u00e3o social:<\/strong> Quem cozinha j\u00e1 n\u00e3o perde as conversas familiares nem se isola dos convidados.<\/li>\n<\/ul>\n\n<h2 class=\"wp-block-heading\"><strong>Chaves para integrar a cozinha com a decora\u00e7\u00e3o da sala<\/strong><\/h2>\n\n<p class=\"wp-block-paragraph\">O grande desafio do conceito aberto \u00e9 conseguir que a zona de trabalho e a zona de descanso dialoguem entre si.<\/p>\n\n<p class=\"wp-block-paragraph\">Ambos os espa\u00e7os devem partilhar uma mesma linguagem est\u00e9tica para evitar contrastes bruscos.<\/p>\n\n<figure class=\"wp-block-image aligncenter size-full\"><img decoding=\"async\" sizes=\"(max-width: 1024px) 100vw, 1024px\" src=\"https:\/\/obcocinas.es\/wp-content\/uploads\/2026\/07\/image-1-png.avif\" alt=\"\" class=\"wp-image-20676\"\/><\/figure>\n\n<h3 class=\"wp-block-heading\"><strong>Continuidade visual: Pavimentos unificados e paleta de cores<\/strong><\/h3>\n\n<p class=\"wp-block-paragraph\">O truque dos designers para unificar ambientes \u00e9 estender o mesmo pavimento por ambas as zonas. Al\u00e9m disso, os <strong>m\u00f3veis<\/strong> da cozinha devem estar em harmonia com a paleta de cores da sala. <\/p>\n\n<p class=\"wp-block-paragraph\">Escolher acabamentos neutros ou madeiras quentes para os m\u00f3dulos ajuda a que a cozinha seja percebida como uma extens\u00e3o do mobili\u00e1rio da sala.<\/p>\n\n<h3 class=\"wp-block-heading\"><strong>A ilha ou pen\u00ednsula como separador de ambientes<\/strong><\/h3>\n\n<p class=\"wp-block-paragraph\">Num espa\u00e7o amplo, necessita de elementos que delimitem as zonas de forma subtil. Uma ilha central ou uma pen\u00ednsula s\u00e3o as transi\u00e7\u00f5es perfeitas entre a cozinha e a zona de estar. <\/p>\n\n<p class=\"wp-block-paragraph\">Proporcionam espa\u00e7o extra de bancada por um lado e, por outro, podem servir de balc\u00e3o para pequenos-almo\u00e7os ou refei\u00e7\u00f5es informais.<\/p>\n\n<h2 class=\"wp-block-heading\"><strong>O segredo da ordem visual nas cozinhas abertas<\/strong><\/h2>\n\n<p class=\"wp-block-paragraph\">O maior receio ao abrir a cozinha \u00e9 que a desarruma\u00e7\u00e3o ou os eletrodom\u00e9sticos quebrem a harmonia da sala.<\/p>\n\n<p class=\"wp-block-paragraph\">Para o solucionar, o design moderno oferece ferramentas de oculta\u00e7\u00e3o fant\u00e1sticas.<\/p>\n\n<h3 class=\"wp-block-heading\"><strong>Eletrodom\u00e9sticos integrados e painelados<\/strong><\/h3>\n\n<p class=\"wp-block-paragraph\">Ningu\u00e9m quer ver um frigor\u00edfico grande e branco a partir do sof\u00e1.<\/p>\n\n<p class=\"wp-block-paragraph\">A solu\u00e7\u00e3o \u00e9 integrar frigor\u00edficos, m\u00e1quinas de lavar lou\u00e7a e m\u00e1quinas de lavar roupa atr\u00e1s de frentes id\u00eanticas \u00e0s dos restantes <strong>m\u00f3dulos<\/strong>.<\/p>\n\n<p class=\"wp-block-paragraph\">Desta forma, os eletrodom\u00e9sticos desaparecem por completo e o conjunto apresenta um aspeto limpo e elegante.<\/p>\n\n<figure class=\"wp-block-image aligncenter size-full\"><img decoding=\"async\" sizes=\"(max-width: 1024px) 100vw, 1024px\" src=\"https:\/\/obcocinas.es\/wp-content\/uploads\/2026\/07\/image-2-png.avif\" alt=\"\" class=\"wp-image-20677\"\/><\/figure>\n\n<h3 class=\"wp-block-heading\"><strong>Exaustores invis\u00edveis ou de teto<\/strong><\/h3>\n\n<p class=\"wp-block-paragraph\">Um exaustor tradicional pode tornar-se um enorme obst\u00e1culo visual no meio de uma divis\u00e3o aberta.<\/p>\n\n<p class=\"wp-block-paragraph\">Hoje em dia, pode optar por modelos que se integram ao n\u00edvel do teto falso.<\/p>\n\n<p class=\"wp-block-paragraph\">Tamb\u00e9m existem designs retr\u00e1teis ou exaustores incorporados diretamente na pr\u00f3pria placa de cozinha.<\/p>\n\n<figure class=\"wp-block-table\"><table class=\"has-fixed-layout\"><tbody><tr><td><strong>Elemento<\/strong><\/td><td><strong>Solu\u00e7\u00e3o para conceito aberto<\/strong><\/td><td><strong>Benef\u00edcio visual<\/strong><\/td><\/tr><tr><td><strong>Eletrodom\u00e9sticos<\/strong><\/td><td>Painelados com o acabamento do m\u00f3vel<\/td><td>Parecem parte do mobili\u00e1rio da sala<\/td><\/tr><tr><td><strong>Extra\u00e7\u00e3o de fumos<\/strong><\/td><td>Exaustores de teto ou na placa<\/td><td>Elimina obst\u00e1culos \u00e0 altura dos olhos<\/td><\/tr><tr><td><strong>Separa\u00e7\u00e3o de zonas<\/strong><\/td><td>Ilhas ou pen\u00ednsulas com bancos altos<\/td><td>Transi\u00e7\u00e3o suave sem levantar muros<\/td><\/tr><\/tbody><\/table><\/figure>\n\n<h2 class=\"wp-block-heading\"><strong>Desenhe o seu espa\u00e7o aberto \u00e0 medida com a OB Cocinas<\/strong><\/h2>\n\n<p class=\"wp-block-paragraph\">Conseguir uma transi\u00e7\u00e3o perfeita entre a sala e a cozinha exige precis\u00e3o, bons materiais e um design muito cuidado.<\/p>\n\n<p class=\"wp-block-paragraph\">Na <strong>OB Cocinas<\/strong>, fabricamos <strong>m\u00f3veis<\/strong> \u00e0 medida para nos adaptarmos \u00e0s dimens\u00f5es exatas do seu lar, garantindo um acabamento premium.<\/p>\n\n<p class=\"wp-block-paragraph\">A nossa capacidade de personaliza\u00e7\u00e3o permite-nos criar espa\u00e7os coerentes, ordenados e prontos para desfrutar em companhia.<\/p>\n\n<p class=\"wp-block-paragraph\">Se est\u00e1 pronto para abrir o seu lar ao conceito aberto, <strong>encontre o seu distribuidor oficial OB mais pr\u00f3ximo<\/strong> e torne o seu projeto realidade.<\/p>\n\n<div class=\"wp-block-cover wp-duotone-unset-1\"><img loading=\"lazy\" decoding=\"async\" width=\"1024\" height=\"683\" sizes=\"auto, (max-width: 1024px) 100vw, 1024px\" class=\"wp-block-cover__image-background wp-image-5223 size-large\" alt=\"\" src=\"https:\/\/obcocinas.es\/wp-content\/uploads\/2025\/11\/NI3E50_1-rsd-1024x683.jpg\" style=\"object-position:55% 52%\" data-object-fit=\"cover\" data-object-position=\"55% 52%\" srcset=\"https:\/\/obcocinas.es\/wp-content\/uploads\/2025\/11\/NI3E50_1-rsd-1024x683-jpg.avif 1024w, https:\/\/obcocinas.es\/wp-content\/uploads\/2025\/11\/NI3E50_1-rsd-1536x1024-jpg.avif 1536w, https:\/\/obcocinas.es\/wp-content\/uploads\/2025\/11\/NI3E50_1-rsd-2048x1365-jpg.avif 2048w\" \/><span aria-hidden=\"true\" class=\"wp-block-cover__background has-background-dim\"><\/span><div class=\"wp-block-cover__inner-container is-layout-flow wp-block-cover-is-layout-flow\">\n<div class=\"wp-block-columns is-layout-flex wp-container-core-columns-is-layout-89c98654 wp-block-columns-is-layout-flex\">\n<div class=\"wp-block-column is-layout-flow wp-block-column-is-layout-flow\"><\/div>\n\n\n\n<div class=\"wp-block-column is-layout-flow wp-block-column-is-layout-flow\">\n<h2 class=\"wp-block-heading has-text-align-right\">Onde comprar uma cozinha OB?<\/h2>\n\n\n\n<div style=\"height:10px\" aria-hidden=\"true\" class=\"wp-block-spacer\"><\/div>\n\n\n\n<p class=\"has-text-align-right wp-block-paragraph\" style=\"font-style:normal;font-weight:700\">ENCONTRE O PONTO DE VENDA DE COZINHAS OB MAIS PR\u00d3XIMO DE SI<\/p>\n\n\n\n<div style=\"height:10px\" aria-hidden=\"true\" class=\"wp-block-spacer\"><\/div>\n\n\n\n<div class=\"wp-block-buttons is-content-justification-right is-layout-flex wp-container-core-buttons-is-layout-a904f976 wp-block-buttons-is-layout-flex\">\n<div class=\"wp-block-button\"><a class=\"wp-block-button__link has-dark-color has-white-background-color has-text-color has-background has-link-color has-border-color has-black-border-color wp-element-button\" href=\"https:\/\/obcocinas.es\/pt\/lojas\/\" style=\"border-width:1px;border-top-left-radius:0px;border-top-right-radius:0px;border-bottom-left-radius:0px;border-bottom-right-radius:0px\">PROCURAR PONTO DE VENDA<\/a><\/div>\n<\/div>\n<\/div>\n<\/div>\n<\/div><\/div>\n","protected":false},"excerpt":{"rendered":"<p>Derrubar paredes e unir espa\u00e7os tornou-se a reforma estrela da \u00faltima d\u00e9cada. As cozinhas abertas para a sala transformaram por completo a forma como vivemos e desfrutamos da nossa casa. No entanto, para que o resultado seja elegante, n\u00e3o basta deitar abaixo uma parede. De seguida, apresentamos-lhe as chaves de design para fundir ambos os [&hellip;]<\/p>\n","protected":false},"author":1,"featured_media":20900,"comment_status":"closed","ping_status":"closed","sticky":false,"template":"","format":"standard","meta":{"footnotes":""},"categories":[1333],"tags":[],"class_list":["post-20897","post","type-post","status-publish","format-standard","has-post-thumbnail","hentry","category-consejos"],"_links":{"self":[{"href":"https:\/\/obcocinas.es\/pt\/wp-json\/wp\/v2\/posts\/20897","targetHints":{"allow":["GET"]}}],"collection":[{"href":"https:\/\/obcocinas.es\/pt\/wp-json\/wp\/v2\/posts"}],"about":[{"href":"https:\/\/obcocinas.es\/pt\/wp-json\/wp\/v2\/types\/post"}],"author":[{"embeddable":true,"href":"https:\/\/obcocinas.es\/pt\/wp-json\/wp\/v2\/users\/1"}],"replies":[{"embeddable":true,"href":"https:\/\/obcocinas.es\/pt\/wp-json\/wp\/v2\/comments?post=20897"}],"version-history":[{"count":1,"href":"https:\/\/obcocinas.es\/pt\/wp-json\/wp\/v2\/posts\/20897\/revisions"}],"predecessor-version":[{"id":20901,"href":"https:\/\/obcocinas.es\/pt\/wp-json\/wp\/v2\/posts\/20897\/revisions\/20901"}],"wp:featuredmedia":[{"embeddable":true,"href":"https:\/\/obcocinas.es\/pt\/wp-json\/wp\/v2\/media\/20900"}],"wp:attachment":[{"href":"https:\/\/obcocinas.es\/pt\/wp-json\/wp\/v2\/media?parent=20897"}],"wp:term":[{"taxonomy":"category","embeddable":true,"href":"https:\/\/obcocinas.es\/pt\/wp-json\/wp\/v2\/categories?post=20897"},{"taxonomy":"post_tag","embeddable":true,"href":"https:\/\/obcocinas.es\/pt\/wp-json\/wp\/v2\/tags?post=20897"}],"curies":[{"name":"wp","href":"https:\/\/api.w.org\/{rel}","templated":true}]}}