{"id":20894,"date":"2026-07-03T12:28:39","date_gmt":"2026-07-03T10:28:39","guid":{"rendered":"https:\/\/obcocinas.es\/blog\/interiores-de-cozinha-gavetas-vs-portas-e-como-organizar-os-seus-moveis\/"},"modified":"2026-08-31T18:49:24","modified_gmt":"2026-08-31T16:49:24","slug":"interiores-de-cozinha-gavetas-vs-portas-e-como-organizar-os-seus-moveis","status":"publish","type":"post","link":"https:\/\/obcocinas.es\/pt\/blog\/interiores-de-cozinha-gavetas-vs-portas-e-como-organizar-os-seus-moveis\/","title":{"rendered":"Interiores de cozinha: gavetas vs. portas e como organizar os seus m\u00f3veis"},"content":{"rendered":"\n<p class=\"wp-block-paragraph\">Quando pensamos em remodelar, costumamos focar-nos na cor dos frentes ou no material da bancada.<\/p>\n\n<p class=\"wp-block-paragraph\">No entanto, o verdadeiro sucesso de uma remodela\u00e7\u00e3o mede-se no dia a dia, quando precisa de guardar as compras ou encontrar rapidamente um utens\u00edlio.<\/p>\n\n<p class=\"wp-block-paragraph\">Hoje vamos falar do interior dos seus <strong><a href=\"https:\/\/obcocinas.es\/pt\/ideias-e-acessorios\/\" data-type=\"link\" data-id=\"https:\/\/obcocinas.es\/ideas-y-accesorios\/\">m\u00f3dulos de cozinha<\/a><\/strong>. Contamos-lhe quais s\u00e3o as melhores op\u00e7\u00f5es de distribui\u00e7\u00e3o e algumas ideias pr\u00e1ticas para manter a arruma\u00e7\u00e3o. <\/p>\n\n<h2 class=\"wp-block-heading\"><strong>O segredo de uma cozinha premium est\u00e1 no interior<\/strong><\/h2>\n\n<p class=\"wp-block-paragraph\">Uma cozinha bonita por fora n\u00e3o serve de muito se por dentro for um caos. O design interior dos <strong>m\u00f3veis<\/strong> \u00e9 o que faz a diferen\u00e7a entre um espa\u00e7o puramente est\u00e9tico e um verdadeiramente funcional. <\/p>\n\n<p class=\"wp-block-paragraph\">Planear bem se precisa de m\u00f3dulos com prateleiras tradicionais ou gavetas grandes ajud\u00e1-lo-\u00e1 a:<\/p>\n\n<ul class=\"wp-block-list\">\n<li>Aproveitar cada mil\u00edmetro dispon\u00edvel.<\/li>\n\n\n\n<li>Evitar ter coisas empilhadas sobre a bancada.<\/li>\n\n\n\n<li>Trabalhar com maior rapidez e conforto.<\/li>\n<\/ul>\n\n<h2 class=\"wp-block-heading\"><strong>Gavetas vs. Portas: Por que as gavetas s\u00e3o a melhor op\u00e7\u00e3o? <\/strong><\/h2>\n\n<p class=\"wp-block-paragraph\">Na hora de projetar os m\u00f3dulos baixos, existe um grande debate: portas com prateleiras interiores ou gavetas grandes?<\/p>\n\n<p class=\"wp-block-paragraph\">Embora os m\u00f3dulos com portas sejam um cl\u00e1ssico excelente para guardar objetos muito volumosos, as <strong>gavetas<\/strong> ganharam a batalha da comodidade.<\/p>\n\n<p class=\"wp-block-paragraph\">As vantagens de apostar em gavetas extra\u00edveis s\u00e3o insuper\u00e1veis:<\/p>\n\n<ul class=\"wp-block-list\">\n<li><strong>Visibilidade total:<\/strong> ao abrir a gaveta, v\u00ea todo o conte\u00fado de cima, sem zonas ocultas.<\/li>\n\n\n\n<li><strong>Ergonomia:<\/strong> n\u00e3o precisa de se baixar nem de esvaziar metade do m\u00f3vel para alcan\u00e7ar o que est\u00e1 no fundo.<\/li>\n\n\n\n<li><strong>Grande capacidade:<\/strong> s\u00e3o projetadas para suportar muito peso, ideais para panelas ou loi\u00e7a pesada.<\/li>\n<\/ul>\n\n<figure class=\"wp-block-table\"><table class=\"has-fixed-layout\"><tbody><tr><td><strong>Tipo de m\u00f3dulo<\/strong><\/td><td><strong>Ideal para&#8230;<\/strong><\/td><td><strong>Vantagem principal<\/strong><\/td><\/tr><tr><td><strong>Portas com prateleiras<\/strong><\/td><td>Pequenos eletrodom\u00e9sticos altos<\/td><td>Flexibilidade de altura interior<\/td><\/tr><tr><td><strong>Gavetas padr\u00e3o<\/strong><\/td><td>Talheres e utens\u00edlios pequenos<\/td><td>Arruma\u00e7\u00e3o e acesso r\u00e1pido<\/td><\/tr><tr><td><strong>Gavetas<\/strong><\/td><td>Panelas, frigideiras e loi\u00e7a pesada<\/td><td>Visibilidade total de cima<\/td><\/tr><\/tbody><\/table><\/figure>\n\n<h2 class=\"wp-block-heading\"><strong>Acess\u00f3rios chave para organizar o interior<\/strong><\/h2>\n\n<p class=\"wp-block-paragraph\">Uma vez que tem os seus m\u00f3dulos de alta qualidade instalados, o pr\u00f3ximo passo \u00e9 equip\u00e1-los por sua conta para maximizar a arruma\u00e7\u00e3o.<\/p>\n\n<p class=\"wp-block-paragraph\">Existem in\u00fameras ideias organizativas e complementos no mercado que pode adicionar ao interior dos seus m\u00f3veis. Aqui deixamos-lhe os mais pr\u00e1ticos: <\/p>\n\n<p class=\"wp-block-paragraph\"><\/p>\n\n<figure class=\"wp-block-image aligncenter size-full\"><img loading=\"lazy\" decoding=\"async\" width=\"819\" height=\"1024\" sizes=\"auto, (max-width: 819px) 100vw, 819px\" src=\"https:\/\/obcocinas.es\/wp-content\/uploads\/2026\/07\/cuberteros-y-separadores.webp\" alt=\"\" class=\"wp-image-20459\" srcset=\"https:\/\/obcocinas.es\/wp-content\/uploads\/2026\/07\/cuberteros-y-separadores.webp 819w, https:\/\/obcocinas.es\/wp-content\/uploads\/2026\/07\/cuberteros-y-separadores-240x300.webp 240w\" \/><\/figure>\n\n<h3 class=\"wp-block-heading\"><strong>Cuberteros e separadores modulares<\/strong><\/h3>\n\n<p class=\"wp-block-paragraph\">S\u00e3o o complemento imprescind\u00edvel para a primeira gaveta de qualquer cozinha. Estes acess\u00f3rios s\u00e3o projetados para se adaptarem \u00e0s medidas padr\u00e3o da gaveta, mantendo os garfos, facas e utens\u00edlios no seu lugar. <\/p>\n\n<p class=\"wp-block-paragraph\">Tamb\u00e9m pode encontrar separadores modulares muito \u00fateis para organizar as tampas das panelas dentro das gavetas grandes.<\/p>\n\n<h3 class=\"wp-block-heading\"><strong>Sistemas de reciclagem integrados sob o lava-lou\u00e7a<\/strong><\/h3>\n\n<p class=\"wp-block-paragraph\">O m\u00f3dulo situado sob o lava-lou\u00e7a costuma ser o mais subaproveitado. Uma ideia fant\u00e1stica \u00e9 colocar no seu interior um sistema de contentores para separar os res\u00edduos. <\/p>\n\n<p class=\"wp-block-paragraph\">Desta forma, o lixo fica totalmente oculto e evita ter baldes a estorvar no meio da cozinha.<\/p>\n\n<figure class=\"wp-block-image aligncenter size-full\"><img loading=\"lazy\" decoding=\"async\" width=\"819\" height=\"1024\" sizes=\"auto, (max-width: 819px) 100vw, 819px\" src=\"https:\/\/obcocinas.es\/wp-content\/uploads\/2026\/07\/gavetas-cocina.webp\" alt=\"gavetas-de-cozinha\" class=\"wp-image-20460\" srcset=\"https:\/\/obcocinas.es\/wp-content\/uploads\/2026\/07\/gavetas-cocina.webp 819w, https:\/\/obcocinas.es\/wp-content\/uploads\/2026\/07\/gavetas-cocina-240x300.webp 240w\" \/><\/figure>\n\n<h2 class=\"wp-block-heading\"><strong>Interiores arrumados com OB Cocinas<\/strong><\/h2>\n\n<p class=\"wp-block-paragraph\">A base de qualquer sistema de organiza\u00e7\u00e3o bem-sucedido \u00e9 contar com mobili\u00e1rio robusto e bem fabricado.<\/p>\n\n<p class=\"wp-block-paragraph\">Na <strong><a href=\"https:\/\/obcocinas.es\/pt\/\" data-type=\"link\" data-id=\"https:\/\/obcocinas.es\/pt\/\">OB Cocinas<\/a><\/strong> especializamo-nos em fabricar m\u00f3dulos e m\u00f3veis \u00e0 medida que se adaptam exatamente ao seu espa\u00e7o, criando a tela em branco perfeita para que depois organize a sua vida como preferir.<\/p>\n\n<p class=\"wp-block-paragraph\">A nossa prioridade \u00e9 oferecer-lhe uma estrutura duradoura e vers\u00e1til.<\/p>\n\n<p class=\"wp-block-paragraph\">Se quer come\u00e7ar a planear a cozinha dos seus sonhos, <strong><a href=\"https:\/\/obcocinas.es\/pt\/lojas\/\" data-type=\"link\" data-id=\"https:\/\/obcocinas.es\/tiendas\/\">encontre o seu distribuidor oficial OB mais pr\u00f3ximo<\/a><\/strong> e descubra tudo o que os nossos m\u00f3dulos podem fazer por si.<\/p>\n","protected":false},"excerpt":{"rendered":"<p>Quando pensamos em remodelar, costumamos focar-nos na cor dos frentes ou no material da bancada. No entanto, o verdadeiro sucesso de uma remodela\u00e7\u00e3o mede-se no dia a dia, quando precisa de guardar as compras ou encontrar rapidamente um utens\u00edlio. Hoje vamos falar do interior dos seus m\u00f3dulos de cozinha. Contamos-lhe quais s\u00e3o as melhores op\u00e7\u00f5es [&hellip;]<\/p>\n","protected":false},"author":1,"featured_media":20895,"comment_status":"closed","ping_status":"closed","sticky":false,"template":"","format":"standard","meta":{"footnotes":""},"categories":[1334],"tags":[],"class_list":["post-20894","post","type-post","status-publish","format-standard","has-post-thumbnail","hentry","category-inspiracion"],"_links":{"self":[{"href":"https:\/\/obcocinas.es\/pt\/wp-json\/wp\/v2\/posts\/20894","targetHints":{"allow":["GET"]}}],"collection":[{"href":"https:\/\/obcocinas.es\/pt\/wp-json\/wp\/v2\/posts"}],"about":[{"href":"https:\/\/obcocinas.es\/pt\/wp-json\/wp\/v2\/types\/post"}],"author":[{"embeddable":true,"href":"https:\/\/obcocinas.es\/pt\/wp-json\/wp\/v2\/users\/1"}],"replies":[{"embeddable":true,"href":"https:\/\/obcocinas.es\/pt\/wp-json\/wp\/v2\/comments?post=20894"}],"version-history":[{"count":1,"href":"https:\/\/obcocinas.es\/pt\/wp-json\/wp\/v2\/posts\/20894\/revisions"}],"predecessor-version":[{"id":20896,"href":"https:\/\/obcocinas.es\/pt\/wp-json\/wp\/v2\/posts\/20894\/revisions\/20896"}],"wp:featuredmedia":[{"embeddable":true,"href":"https:\/\/obcocinas.es\/pt\/wp-json\/wp\/v2\/media\/20895"}],"wp:attachment":[{"href":"https:\/\/obcocinas.es\/pt\/wp-json\/wp\/v2\/media?parent=20894"}],"wp:term":[{"taxonomy":"category","embeddable":true,"href":"https:\/\/obcocinas.es\/pt\/wp-json\/wp\/v2\/categories?post=20894"},{"taxonomy":"post_tag","embeddable":true,"href":"https:\/\/obcocinas.es\/pt\/wp-json\/wp\/v2\/tags?post=20894"}],"curies":[{"name":"wp","href":"https:\/\/api.w.org\/{rel}","templated":true}]}}