{"id":20873,"date":"2026-07-28T10:54:11","date_gmt":"2026-07-28T08:54:11","guid":{"rendered":"https:\/\/obcocinas.es\/blog\/tres-propostas-de-design-para-cozinhas-em-branco-e-madeira\/"},"modified":"2026-08-31T18:48:40","modified_gmt":"2026-08-31T16:48:40","slug":"tres-propostas-de-design-para-cozinhas-em-branco-e-madeira","status":"publish","type":"post","link":"https:\/\/obcocinas.es\/pt\/blog\/tres-propostas-de-design-para-cozinhas-em-branco-e-madeira\/","title":{"rendered":"Tr\u00eas propostas de design para cozinhas em branco e madeira"},"content":{"rendered":"\n<p class=\"wp-block-paragraph\">A combina\u00e7\u00e3o de branco e madeira na cozinha \u00e9 uma das grandes favoritas do design de interiores, e n\u00e3o \u00e9 por acaso. A sua f\u00f3rmula m\u00e1gica, na verdade, n\u00e3o tem assim tanto de m\u00e1gico: enquanto o branco traz luz, amplitude e aquela sensa\u00e7\u00e3o de limpeza de que muitas pessoas precisam para cozinhar, a madeira compensa com a sua textura org\u00e2nica, criando um espa\u00e7o quente, vivido e verdadeiramente acolhedor. <\/p>\n\n<p class=\"wp-block-paragraph\">No entanto, conseguir que ambos os elementos encaixem na perfei\u00e7\u00e3o exige algum sentido de propor\u00e7\u00e3o. Se abusarmos do branco, corremos o risco de criar um espa\u00e7o algo frio ou impessoal; e se exagerarmos na madeira, podemos retirar luminosidade (que, por vezes, \u00e9 escassa devido \u00e0s condi\u00e7\u00f5es de luz da divis\u00e3o). <\/p>\n\n<p class=\"wp-block-paragraph\">Para o ajudar, e atrav\u00e9s de tr\u00eas propostas do nosso <a href=\"https:\/\/obcocinas.es\/wp-content\/uploads\/2025\/11\/CATALOGO-DE-IMAGEN-2025.pdf\">\u00faltimo cat\u00e1logo<\/a> (com os nossos modelos <a href=\"https:\/\/obcocinas.es\/pt\/?post_type=proyectos&amp;p=13947\">Aviano<\/a>, <a href=\"http:\/\/liverpool\">Liverpool<\/a> e <a href=\"https:\/\/obcocinas.es\/pt\/?post_type=proyectos&amp;p=13956\">Parona<\/a>), analisamos como combinar ambos os acabamentos para conseguir uma cozinha intemporal, funcional e com personalidade pr\u00f3pria.<\/p>\n\n<figure class=\"wp-block-image aligncenter size-large\"><img loading=\"lazy\" decoding=\"async\" width=\"1024\" height=\"1024\" sizes=\"auto, (max-width: 1024px) 100vw, 1024px\" src=\"https:\/\/obcocinas.es\/wp-content\/uploads\/2026\/07\/image-8-1024x1024.jpeg\" alt=\"Aviano\" class=\"wp-image-20606\" srcset=\"https:\/\/obcocinas.es\/wp-content\/uploads\/2026\/07\/image-8-1024x1024-jpeg.avif 1024w, https:\/\/obcocinas.es\/wp-content\/uploads\/2026\/07\/image-8-150x150-jpeg.avif 150w, https:\/\/obcocinas.es\/wp-content\/uploads\/2026\/07\/image-8-1536x1536-jpeg.avif 1536w, https:\/\/obcocinas.es\/wp-content\/uploads\/2026\/07\/image-8-jpeg.avif 2048w\" \/><figcaption class=\"wp-element-caption\">Aviano<\/figcaption><\/figure>\n\n<h2 class=\"wp-block-heading\">Aviano: equilibrar o espa\u00e7o jogando com os planos<\/h2>\n\n<p class=\"wp-block-paragraph\">Na hora de desenhar uma cozinha, uma das melhores estrat\u00e9gias para combinar dois acabamentos \u00e9 organiz\u00e1-los por n\u00edveis ou planos visuais. Em vez de alternar cores sem um padr\u00e3o claro, atribuir um material a cada zona ajuda a que o conjunto seja percecionado como ordenado e harmonioso. <\/p>\n\n<figure class=\"wp-block-image aligncenter size-large\"><img decoding=\"async\" sizes=\"(max-width: 1024px) 100vw, 1024px\" src=\"https:\/\/obcocinas.es\/wp-content\/uploads\/2026\/07\/image-5-1024x554-jpeg.avif\" alt=\"\" class=\"wp-image-20604\"\/><\/figure>\n\n<p class=\"wp-block-paragraph\">Nesta proposta, utilizamos a madeira como base s\u00f3lida nos m\u00f3veis em coluna e na parte exterior da ilha. Desta forma, conseguimos dar estabilidade visual \u00e0 divis\u00e3o. O veio da madeira \u201cabra\u00e7a\u201d a \u00e1rea de trabalho e cria um ambiente muito agrad\u00e1vel.  <\/p>\n\n<figure class=\"wp-block-image aligncenter size-large\"><img decoding=\"async\" sizes=\"(max-width: 1024px) 100vw, 1024px\" src=\"https:\/\/obcocinas.es\/wp-content\/uploads\/2026\/07\/image-7-1024x1024-jpeg.avif\" alt=\"\" class=\"wp-image-20607\"\/><\/figure>\n\n<p class=\"wp-block-paragraph\">Para os m\u00f3veis baixos (dispostos em paralelo), bem como para o revestimento da ilha, opt\u00e1mos pela cor branca para aligeirar o espa\u00e7o e refletir a luz que entra pela janela panor\u00e2mica.<\/p>\n\n<figure class=\"wp-block-image aligncenter size-large\"><img loading=\"lazy\" decoding=\"async\" width=\"1024\" height=\"1024\" sizes=\"auto, (max-width: 1024px) 100vw, 1024px\" src=\"https:\/\/obcocinas.es\/wp-content\/uploads\/2026\/07\/image-1024x1024.jpeg\" alt=\"Liverpool\" class=\"wp-image-20599\" srcset=\"https:\/\/obcocinas.es\/wp-content\/uploads\/2026\/07\/image-1024x1024-jpeg.avif 1024w, https:\/\/obcocinas.es\/wp-content\/uploads\/2026\/07\/image-150x150-jpeg.avif 150w, https:\/\/obcocinas.es\/wp-content\/uploads\/2026\/07\/image-jpeg.avif 1181w\" \/><figcaption class=\"wp-element-caption\">Liverpool<\/figcaption><\/figure>\n\n<h2 class=\"wp-block-heading\">Liverpool: tradi\u00e7\u00e3o com um ar renovado<\/h2>\n\n<p class=\"wp-block-paragraph\">Para quem procura uma cozinha com encanto artesanal, as frentes emolduradas s\u00e3o a op\u00e7\u00e3o perfeita. Uma pequena moldura cria um jogo de luzes e sombras muito suave, que acrescenta textura ao espa\u00e7o sem retirar modernidade. <\/p>\n\n<p class=\"wp-block-paragraph\">Na nossa proposta com o modelo Liverpool, o protagonismo recai sobre este, em acabamento branco, fazendo com que a luz natural se multiplique por toda a divis\u00e3o.<\/p>\n\n<figure class=\"wp-block-image aligncenter size-large\"><img decoding=\"async\" sizes=\"(max-width: 1024px) 100vw, 1024px\" src=\"https:\/\/obcocinas.es\/wp-content\/uploads\/2026\/07\/image-6-1024x557-jpeg.avif\" alt=\"\" class=\"wp-image-20605\"\/><\/figure>\n\n<p class=\"wp-block-paragraph\">Aqui, o toque de madeira \u00e9 introduzido como um acento acolhedor nas zonas onde a vista e o tato mais o agradecem: na bancada, no revestimento da parede e num m\u00f3vel aberto que funciona como zona de pequenos-almo\u00e7os.<\/p>\n\n<figure class=\"wp-block-image aligncenter size-large\"><img decoding=\"async\" sizes=\"(max-width: 1024px) 100vw, 1024px\" src=\"https:\/\/obcocinas.es\/wp-content\/uploads\/2026\/07\/image-2-1024x759-jpeg.avif\" alt=\"\" class=\"wp-image-20601\"\/><\/figure>\n\n<p class=\"wp-block-paragraph\">Para uma sensa\u00e7\u00e3o acolhedora extra, inclu\u00edmos ilumina\u00e7\u00e3o quente em todas estas zonas, que vem inclu\u00edda nos m\u00f3veis superiores. Com ela, criamos uma atmosfera envolvente para esses momentos de calma: por exemplo, quando cai a tarde ou quando relaxamos depois de jantar. <\/p>\n\n<figure class=\"wp-block-image aligncenter size-large\"><img decoding=\"async\" sizes=\"(max-width: 1024px) 100vw, 1024px\" src=\"https:\/\/obcocinas.es\/wp-content\/uploads\/2026\/07\/image-4-1024x1024-jpeg.avif\" alt=\"\" class=\"wp-image-20603\"\/><\/figure>\n\n<h2 class=\"wp-block-heading\">Parona: acentos de madeira<\/h2>\n\n<p class=\"wp-block-paragraph\">H\u00e1 muitas formas de fazer com que um material reine num design. Porque n\u00e3o, nem sempre \u00e9 atrav\u00e9s de o incluir como base, mas precisamente o contr\u00e1rio. <\/p>\n\n<p class=\"wp-block-paragraph\">A nossa proposta com o modelo Parona \u00e9 uma grande prova disso. Nela, vemos que o branco e os tons suaves dominam a divis\u00e3o, criando um ambiente carregado de pureza. <\/p>\n\n<p class=\"wp-block-paragraph\">No entanto, os nossos olhos v\u00e3o para os m\u00f3veis baixos, onde o nosso laminado com acabamento em carvalho se destaca por m\u00e9rito pr\u00f3prio, trazendo presen\u00e7a, car\u00e1cter e estabilidade a todo o design.<\/p>\n\n<figure class=\"wp-block-image aligncenter size-large\"><img decoding=\"async\" sizes=\"(max-width: 1024px) 100vw, 1024px\" src=\"https:\/\/obcocinas.es\/wp-content\/uploads\/2026\/07\/image-1-1024x557-jpeg.avif\" alt=\"\" class=\"wp-image-20600\"\/><\/figure>\n\n<p class=\"wp-block-paragraph\">Para acrescentar mais contraste, opt\u00e1mos pela cor preta para o forno e o micro-ondas (dispostos em coluna) e para a persiana que esconde a zona de pequenos-almo\u00e7os. E, para um toque mais suave, inclu\u00edmos o dourado nos puxadores, na torneira e no veio da bancada. <\/p>\n\n<figure class=\"wp-block-image aligncenter size-large\"><img decoding=\"async\" sizes=\"(max-width: 1024px) 100vw, 1024px\" src=\"https:\/\/obcocinas.es\/wp-content\/uploads\/2026\/07\/image-3-1024x706-jpeg.avif\" alt=\"\" class=\"wp-image-20602\"\/><\/figure>\n\n<h2 class=\"wp-block-heading\">Desenhar a pensar em como vive<\/h2>\n\n<p class=\"wp-block-paragraph\">Como vemos, combinar branco e madeira n\u00e3o \u00e9 aplicar uma f\u00f3rmula fixa, mas encontrar a propor\u00e7\u00e3o certa para o seu espa\u00e7o, a luz que entra pelas suas janelas e a sua pr\u00f3pria forma de usar a cozinha. Seja atrav\u00e9s da simetria do modelo Aviano, da delicadeza emoldurada de Liverpool ou da personalidade marcante de Parona, o segredo est\u00e1 em criar um ambiente onde lhe apete\u00e7a passar tempo. <\/p>\n\n<p class=\"wp-block-paragraph\">No final, uma cozinha bem pensada n\u00e3o s\u00f3 fica bonita no primeiro dia, como continua a ser um prazer viv\u00ea-la com o passar dos anos.<\/p>\n\n<p class=\"wp-block-paragraph\">Se precisar de ajuda para a planear e concretizar, j\u00e1 sabe que pode contar com um dos nossos distribuidores. Encontre o mais pr\u00f3ximo de si no nosso <a href=\"https:\/\/obcocinas.es\/pt\/lojas\/\">localizador de lojas<\/a>. <\/p>\n","protected":false},"excerpt":{"rendered":"<p>Acabamentos de cozinha em branco e madeira para um design intemporal, funcional e com personalidade pr\u00f3pria.<\/p>\n","protected":false},"author":8,"featured_media":20881,"comment_status":"open","ping_status":"open","sticky":false,"template":"","format":"standard","meta":{"footnotes":""},"categories":[1334],"tags":[1362,1343],"class_list":["post-20873","post","type-post","status-publish","format-standard","has-post-thumbnail","hentry","category-inspiracion","tag-cocinas-de-madera","tag-diseno-de-cocinas"],"_links":{"self":[{"href":"https:\/\/obcocinas.es\/pt\/wp-json\/wp\/v2\/posts\/20873","targetHints":{"allow":["GET"]}}],"collection":[{"href":"https:\/\/obcocinas.es\/pt\/wp-json\/wp\/v2\/posts"}],"about":[{"href":"https:\/\/obcocinas.es\/pt\/wp-json\/wp\/v2\/types\/post"}],"author":[{"embeddable":true,"href":"https:\/\/obcocinas.es\/pt\/wp-json\/wp\/v2\/users\/8"}],"replies":[{"embeddable":true,"href":"https:\/\/obcocinas.es\/pt\/wp-json\/wp\/v2\/comments?post=20873"}],"version-history":[{"count":1,"href":"https:\/\/obcocinas.es\/pt\/wp-json\/wp\/v2\/posts\/20873\/revisions"}],"predecessor-version":[{"id":20882,"href":"https:\/\/obcocinas.es\/pt\/wp-json\/wp\/v2\/posts\/20873\/revisions\/20882"}],"wp:featuredmedia":[{"embeddable":true,"href":"https:\/\/obcocinas.es\/pt\/wp-json\/wp\/v2\/media\/20881"}],"wp:attachment":[{"href":"https:\/\/obcocinas.es\/pt\/wp-json\/wp\/v2\/media?parent=20873"}],"wp:term":[{"taxonomy":"category","embeddable":true,"href":"https:\/\/obcocinas.es\/pt\/wp-json\/wp\/v2\/categories?post=20873"},{"taxonomy":"post_tag","embeddable":true,"href":"https:\/\/obcocinas.es\/pt\/wp-json\/wp\/v2\/tags?post=20873"}],"curies":[{"name":"wp","href":"https:\/\/api.w.org\/{rel}","templated":true}]}}