{"id":20833,"date":"2026-07-03T12:07:02","date_gmt":"2026-07-03T10:07:02","guid":{"rendered":"https:\/\/obcocinas.es\/blog\/cozinhas-de-exterior-design-e-materiais\/"},"modified":"2026-08-31T18:47:02","modified_gmt":"2026-08-31T16:47:02","slug":"cozinhas-de-exterior-design-e-materiais","status":"publish","type":"post","link":"https:\/\/obcocinas.es\/pt\/blog\/cozinhas-de-exterior-design-e-materiais\/","title":{"rendered":"Cozinhas de exterior: design e materiais"},"content":{"rendered":"\n<p class=\"wp-block-paragraph\">O bom tempo convida a transferir a nossa rotina di\u00e1ria para o jardim ou para o terra\u00e7o. As <strong>cozinhas de exterior<\/strong> deixaram de ser uma simples moda para se tornarem numa das reformas mais desejadas no lar. <\/p>\n\n<p class=\"wp-block-paragraph\">Projetar um espa\u00e7o ao ar livre requer um planeamento especial. De seguida, revemos o que deve ter em conta para criar a sua <strong>cozinha de ver\u00e3o<\/strong> ideal. <\/p>\n\n<h2 class=\"wp-block-heading\"><strong>O auge das cozinhas de ver\u00e3o modernas<\/strong><\/h2>\n\n<p class=\"wp-block-paragraph\">Esque\u00e7a o cl\u00e1ssico churrasco isolado no fundo do jardim.<\/p>\n\n<p class=\"wp-block-paragraph\">Hoje em dia, a tend\u00eancia \u00e9 procurar <strong>m\u00f3veis de cozinha para exterior<\/strong> que formem um espa\u00e7o completo, c\u00f3modo e funcional.<\/p>\n\n<p class=\"wp-block-paragraph\">As principais vantagens de dar este passo no seu lar s\u00e3o:<\/p>\n\n<ul class=\"wp-block-list\">\n<li><strong>Comodidade total:<\/strong> evita as constantes e inc\u00f3modas desloca\u00e7\u00f5es ao interior da casa.<\/li>\n\n\n\n<li><strong>Espa\u00e7o social:<\/strong> permite a quem cozinha desfrutar da companhia dos seus convidados sem interrup\u00e7\u00f5es.<\/li>\n\n\n\n<li><strong>Est\u00e9tica integrada:<\/strong> atuam como uma extens\u00e3o natural do design de interiores da sua habita\u00e7\u00e3o.<\/li>\n<\/ul>\n\n<h2 class=\"wp-block-heading\"><strong>Materiais-chave para m\u00f3veis de cozinha de exterior<\/strong><\/h2>\n\n<p class=\"wp-block-paragraph\">O maior desafio no <strong>design de uma cozinha de terra\u00e7o<\/strong> \u00e9 a sua exposi\u00e7\u00e3o \u00e0s altera\u00e7\u00f5es climat\u00e9ricas.<\/p>\n\n<p class=\"wp-block-paragraph\">Como o mobili\u00e1rio \u00e9 altamente personaliz\u00e1vel, as op\u00e7\u00f5es s\u00e3o variadas. A chave reside em escolher componentes pensados para a vida ao ar livre. <\/p>\n\n<h3 class=\"wp-block-heading\"><strong>Frentes resistentes \u00e0 intemp\u00e9rie e \u00e0 humidade<\/strong><\/h3>\n\n<p class=\"wp-block-paragraph\">As portas dos m\u00f3veis enfrentar\u00e3o o sol e a humidade do ambiente.<\/p>\n\n<p class=\"wp-block-paragraph\">\u00c9 fundamental escolher pain\u00e9is e acabamentos concebidos para suportar estas condi\u00e7\u00f5es sem se deformarem nem perderem a cor.<\/p>\n\n<p class=\"wp-block-paragraph\">Existem m\u00faltiplas configura\u00e7\u00f5es est\u00e9ticas, desde texturas que imitam a natureza at\u00e9 superf\u00edcies lisas e minimalistas.<\/p>\n\n<h3 class=\"wp-block-heading\"><strong>Ferragens e bancadas ultracompactas<\/strong><\/h3>\n\n<p class=\"wp-block-paragraph\">O interior dos seus arm\u00e1rios \u00e9 t\u00e3o importante como a fachada visual.<\/p>\n\n<p class=\"wp-block-paragraph\">Utilizar ferragens de alta qualidade e mecanismos robustos garante que as gavetas funcionem com suavidade temporada ap\u00f3s temporada.<\/p>\n\n<p class=\"wp-block-paragraph\">Quanto \u00e0 superf\u00edcie de trabalho, destacam-se as seguintes op\u00e7\u00f5es:<\/p>\n\n<ul class=\"wp-block-list\">\n<li><strong>Bancadas porcel\u00e2nicas ou ultracompactas:<\/strong> suportam o calor direto de forma excelente.<\/li>\n\n\n\n<li><strong>Superf\u00edcies n\u00e3o porosas:<\/strong> s\u00e3o muito higi\u00e9nicas e f\u00e1ceis de limpar ap\u00f3s uma refei\u00e7\u00e3o ao ar livre.<\/li>\n<\/ul>\n\n<h2 class=\"wp-block-heading\"><strong>Distribui\u00e7\u00e3o ideal para a sua cozinha de terra\u00e7o<\/strong><\/h2>\n\n<p class=\"wp-block-paragraph\">N\u00e3o existe uma \u00fanica distribui\u00e7\u00e3o perfeita. Tudo depender\u00e1 dos metros quadrados do seu alpendre ou jardim e dos seus gostos pessoais. <\/p>\n\n<p class=\"wp-block-paragraph\">Ainda assim, um design equilibrado costuma estruturar-se nestas \u00e1reas:<\/p>\n\n<h3 class=\"wp-block-heading\"><strong>A zona de confe\u00e7\u00e3o e churrasco<\/strong><\/h3>\n\n<p class=\"wp-block-paragraph\">\u00c9 o cora\u00e7\u00e3o da sua cozinha ao ar livre. Pode instalar placas, grelhadores ou m\u00f3dulos a g\u00e1s. <\/p>\n\n<p class=\"wp-block-paragraph\"><em>Conselho de design:<\/em> deixe sempre bancada livre suficiente de ambos os lados para poder apoiar tabuleiros e manipular os utens\u00edlios com seguran\u00e7a.<\/p>\n\n<h3 class=\"wp-block-heading\"><strong>Zona de \u00e1guas e balc\u00e3o para socializar<\/strong><\/h3>\n\n<p class=\"wp-block-paragraph\">Contar com um lava-loi\u00e7a no exterior marca uma grande diferen\u00e7a no momento de limpar r\u00e1pido e preparar alimentos frescos.<\/p>\n\n<figure class=\"wp-block-image aligncenter size-full\"><img loading=\"lazy\" decoding=\"async\" width=\"900\" height=\"975\" sizes=\"auto, (max-width: 900px) 100vw, 900px\" src=\"https:\/\/obcocinas.es\/wp-content\/uploads\/2026\/07\/cocinas-de-exterior-modernas.webp\" alt=\"cozinhas de exterior\" class=\"wp-image-20446\" srcset=\"https:\/\/obcocinas.es\/wp-content\/uploads\/2026\/07\/cocinas-de-exterior-modernas.webp 900w, https:\/\/obcocinas.es\/wp-content\/uploads\/2026\/07\/cocinas-de-exterior-modernas-277x300.webp 277w\" \/><\/figure>\n\n<p class=\"wp-block-paragraph\">Se o espa\u00e7o o permitir, adicionar um balc\u00e3o \u00e9 uma ideia brilhante.<\/p>\n\n<figure class=\"wp-block-table\"><table class=\"has-fixed-layout\"><tbody><tr><td><strong>Zona da cozinha<\/strong><\/td><td><strong>Elementos imprescind\u00edveis<\/strong><\/td><td><strong>Benef\u00edcio principal<\/strong><\/td><\/tr><tr><td><strong>Zona de confe\u00e7\u00e3o<\/strong><\/td><td>Placa, g\u00e1s ou churrasco<\/td><td>Preparar comida ao ar livre<\/td><\/tr><tr><td><strong>Zona de \u00e1guas<\/strong><\/td><td>Lava-loi\u00e7a exterior<\/td><td>Rapidez e m\u00e1xima higiene<\/td><\/tr><tr><td><strong>Zona social<\/strong><\/td><td>Bancada suspensa ou pen\u00ednsula<\/td><td>Partilhar o espa\u00e7o com convidados<\/td><\/tr><\/tbody><\/table><\/figure>\n\n<h2 class=\"wp-block-heading\"><strong>Desfrute do ver\u00e3o ao ar livre com a OB Cocinas<\/strong><\/h2>\n\n<p class=\"wp-block-paragraph\">A chave de um projeto de sucesso \u00e9 que este seja pensado exclusivamente para si, uma vez que nem todos os produtos servem para todos os espa\u00e7os.<\/p>\n\n<p class=\"wp-block-paragraph\">Na <strong><a href=\"https:\/\/obcocinas.es\/pt\/\" data-type=\"link\" data-id=\"https:\/\/obcocinas.es\/pt\/\">OB Cocinas<\/a><\/strong>, sabemos que cada lar \u00e9 \u00fanico e apostamos na m\u00e1xima personaliza\u00e7\u00e3o.<\/p>\n\n<p class=\"wp-block-paragraph\">Encontre o seu distribuidor oficial mais pr\u00f3ximo e comece a projetar o cen\u00e1rio perfeito para os seus melhores momentos do ver\u00e3o.<\/p>\n","protected":false},"excerpt":{"rendered":"<p>O bom tempo convida a transferir a nossa rotina di\u00e1ria para o jardim ou para o terra\u00e7o. As cozinhas de exterior deixaram de ser uma simples moda para se tornarem numa das reformas mais desejadas no lar. Projetar um espa\u00e7o ao ar livre requer um planeamento especial. De seguida, revemos o que deve ter em [&hellip;]<\/p>\n","protected":false},"author":1,"featured_media":20834,"comment_status":"closed","ping_status":"closed","sticky":false,"template":"","format":"standard","meta":{"footnotes":""},"categories":[1334],"tags":[],"class_list":["post-20833","post","type-post","status-publish","format-standard","has-post-thumbnail","hentry","category-inspiracion"],"_links":{"self":[{"href":"https:\/\/obcocinas.es\/pt\/wp-json\/wp\/v2\/posts\/20833","targetHints":{"allow":["GET"]}}],"collection":[{"href":"https:\/\/obcocinas.es\/pt\/wp-json\/wp\/v2\/posts"}],"about":[{"href":"https:\/\/obcocinas.es\/pt\/wp-json\/wp\/v2\/types\/post"}],"author":[{"embeddable":true,"href":"https:\/\/obcocinas.es\/pt\/wp-json\/wp\/v2\/users\/1"}],"replies":[{"embeddable":true,"href":"https:\/\/obcocinas.es\/pt\/wp-json\/wp\/v2\/comments?post=20833"}],"version-history":[{"count":1,"href":"https:\/\/obcocinas.es\/pt\/wp-json\/wp\/v2\/posts\/20833\/revisions"}],"predecessor-version":[{"id":20835,"href":"https:\/\/obcocinas.es\/pt\/wp-json\/wp\/v2\/posts\/20833\/revisions\/20835"}],"wp:featuredmedia":[{"embeddable":true,"href":"https:\/\/obcocinas.es\/pt\/wp-json\/wp\/v2\/media\/20834"}],"wp:attachment":[{"href":"https:\/\/obcocinas.es\/pt\/wp-json\/wp\/v2\/media?parent=20833"}],"wp:term":[{"taxonomy":"category","embeddable":true,"href":"https:\/\/obcocinas.es\/pt\/wp-json\/wp\/v2\/categories?post=20833"},{"taxonomy":"post_tag","embeddable":true,"href":"https:\/\/obcocinas.es\/pt\/wp-json\/wp\/v2\/tags?post=20833"}],"curies":[{"name":"wp","href":"https:\/\/api.w.org\/{rel}","templated":true}]}}