{"id":20830,"date":"2026-07-27T13:18:36","date_gmt":"2026-07-27T11:18:36","guid":{"rendered":"https:\/\/obcocinas.es\/blog\/acabamentos-para-moveis-de-cozinha-mate-brilho-ou-madeira\/"},"modified":"2026-08-31T18:47:02","modified_gmt":"2026-08-31T16:47:02","slug":"acabamentos-para-moveis-de-cozinha-mate-brilho-ou-madeira","status":"publish","type":"post","link":"https:\/\/obcocinas.es\/pt\/blog\/acabamentos-para-moveis-de-cozinha-mate-brilho-ou-madeira\/","title":{"rendered":"Acabamentos para m\u00f3veis de cozinha: Mate, brilho ou madeira?"},"content":{"rendered":"\n<p class=\"wp-block-paragraph\">O design de uma cozinha vai muito al\u00e9m de escolher a distribui\u00e7\u00e3o correta. A face vis\u00edvel do seu projeto, aquela que marcar\u00e1 o estilo e a personalidade do seu lar, s\u00e3o os frentes dos seus <strong>m\u00f3veis<\/strong>. <\/p>\n\n<p class=\"wp-block-paragraph\">Na hora de tomar esta decis\u00e3o, costuma surgir uma grande d\u00favida: que tipo de superf\u00edcie \u00e9 a mais adequada para o meu dia a dia? De seguida, revemos as melhores op\u00e7\u00f5es do mercado. <\/p>\n\n<h2 class=\"wp-block-heading\"><strong>A import\u00e2ncia de escolher o acabamento perfeito para os seus frentes<\/strong><\/h2>\n\n<p class=\"wp-block-paragraph\">Os frentes dos seus <strong>m\u00f3dulos<\/strong> s\u00e3o os elementos que mais impacto visual t\u00eam na divis\u00e3o.<\/p>\n\n<p class=\"wp-block-paragraph\">A sua cor e a sua textura determinam se o espa\u00e7o parecer\u00e1 moderno, cl\u00e1ssico, acolhedor ou minimalista.<\/p>\n\n<p class=\"wp-block-paragraph\">Mas n\u00e3o \u00e9 apenas uma quest\u00e3o de est\u00e9tica. Escolher o acabamento adequado influencia diretamente em: <\/p>\n\n<ul class=\"wp-block-list\">\n<li><strong>A limpeza di\u00e1ria:<\/strong> Alguns materiais disfar\u00e7am melhor as manchas ou o p\u00f3.<\/li>\n\n\n\n<li><strong>A luminosidade:<\/strong> Certas texturas refletem a luz, ampliando visualmente o espa\u00e7o.<\/li>\n\n\n\n<li><strong>A durabilidade:<\/strong> Um bom revestimento garante que os frentes resistam ao passar dos anos intactos.<\/li>\n<\/ul>\n\n<h2 class=\"wp-block-heading\"><strong>Tipos de acabamentos para a sua cozinha: Vantagens e estilos<\/strong><\/h2>\n\n<p class=\"wp-block-paragraph\">A tecnologia de fabrico atual permite conseguir superf\u00edcies incr\u00edveis, adaptadas a todos os gostos e necessidades.<\/p>\n\n<p class=\"wp-block-paragraph\">Estas s\u00e3o as tr\u00eas grandes tend\u00eancias que dominam o design de interiores moderno.<\/p>\n\n<h3 class=\"wp-block-heading\"><strong>Cozinhas em acabamento mate: Eleg\u00e2ncia e toque sedoso<\/strong><\/h3>\n\n<p class=\"wp-block-paragraph\">O mate \u00e9 o rei indiscut\u00edvel das cozinhas contempor\u00e2neas e vanguardistas.<\/p>\n\n<p class=\"wp-block-paragraph\">Ao n\u00e3o refletir a luz, confere uma eleg\u00e2ncia s\u00f3bria, discreta e muito sofisticada a qualquer ambiente.<\/p>\n\n<ul class=\"wp-block-list\">\n<li><strong>O grande avan\u00e7o:<\/strong> Hoje em dia, os melhores acabamentos mate contam com propriedades anti-impress\u00e3o digital, o que facilita enormemente a sua manuten\u00e7\u00e3o di\u00e1ria e garante um toque suave e sedoso.<\/li>\n<\/ul>\n\n<figure class=\"wp-block-image aligncenter size-full\"><img loading=\"lazy\" decoding=\"async\" width=\"1024\" height=\"509\" sizes=\"auto, (max-width: 1024px) 100vw, 1024px\" src=\"https:\/\/obcocinas.es\/wp-content\/uploads\/2026\/07\/acabados-para-cocinas.webp\" alt=\"diferentes acabamentos para m&#xF3;veis de cozinha\" class=\"wp-image-20683\"\/><\/figure>\n\n<h3 class=\"wp-block-heading\"><strong>Cozinhas em acabamento brilho: Luminosidade e sensa\u00e7\u00e3o de amplitude<\/strong><\/h3>\n\n<p class=\"wp-block-paragraph\">Se a sua cozinha \u00e9 interior ou tem poucos metros quadrados, o acabamento brilho \u00e9 o seu melhor aliado.<\/p>\n\n<p class=\"wp-block-paragraph\">Os seus frentes atuam como aut\u00eanticos espelhos, refletindo a luz natural e artificial por toda a divis\u00e3o.<\/p>\n\n<p class=\"wp-block-paragraph\">Isto gera um efeito \u00f3tico de profundidade e m\u00e1xima limpeza, ideal para espa\u00e7os de design urbano e moderno.<\/p>\n\n<h3 class=\"wp-block-heading\"><strong>Acabamentos em madeira: Acolhimento e conex\u00e3o com a natureza<\/strong><\/h3>\n\n<p class=\"wp-block-paragraph\">A madeira nunca sai de moda. Proporciona aquela sensa\u00e7\u00e3o de lar acolhedor que nenhum outro material consegue. <\/p>\n\n<p class=\"wp-block-paragraph\">Os acabamentos que reproduzem os veios e n\u00f3s naturais conectam o interior da sua casa com a natureza.<\/p>\n\n<p class=\"wp-block-paragraph\">S\u00e3o perfeitos tanto para cozinhas de estilo r\u00fastico renovado como para projetos de inspira\u00e7\u00e3o n\u00f3rdica.<\/p>\n\n<figure class=\"wp-block-table\"><table class=\"has-fixed-layout\"><tbody><tr><td><strong>Tipo de acabamento<\/strong><\/td><td><strong>Efeito visual<\/strong><\/td><td><strong>Benef\u00edcio principal<\/strong><\/td><\/tr><tr><td><strong>Mate<\/strong><\/td><td>S\u00f3brio, moderno e elegante<\/td><td>Toque sedoso e op\u00e7\u00e3o anti-impress\u00e3o digital<\/td><\/tr><tr><td><strong>Brilho<\/strong><\/td><td>Luminoso e vibrante<\/td><td>Multiplica a luz e amplia o espa\u00e7o<\/td><\/tr><tr><td><strong>Madeira<\/strong><\/td><td>Acolhedor, intemporal e natural<\/td><td>Confere muito acolhimento ao lar<\/td><\/tr><\/tbody><\/table><\/figure>\n\n<h2 class=\"wp-block-heading\"><strong>Como combinar texturas no design da sua cozinha?<\/strong><\/h2>\n\n<p class=\"wp-block-paragraph\">Por que escolher apenas um quando pode ter o melhor de dois mundos?<\/p>\n\n<p class=\"wp-block-paragraph\">Combinar diferentes acabamentos \u00e9 um recurso de design fant\u00e1stico para quebrar a monotonia e dar muito dinamismo \u00e0 divis\u00e3o.<\/p>\n\n<p class=\"wp-block-paragraph\">A f\u00f3rmula que nunca falha \u00e9 misturar frentes de madeira com tons lisos:<\/p>\n\n<ul class=\"wp-block-list\">\n<li><strong>M\u00f3dulos baixos em madeira:<\/strong> Conferem peso visual e acolhimento na parte inferior, &#8220;ancorando&#8221; o design ao ch\u00e3o.<\/li>\n\n\n\n<li><strong>M\u00f3dulos altos em branco mate:<\/strong> Aliviam a parte superior, dando sensa\u00e7\u00e3o de leveza e limpeza \u00e0 altura dos olhos.<\/li>\n<\/ul>\n\n<h2 class=\"wp-block-heading\"><strong>Qualidade e design em cada detalhe com a OB Cocinas<\/strong><\/h2>\n\n<p class=\"wp-block-paragraph\">Escolher a cor e a textura dos seus frentes \u00e9 um processo apaixonante, mas deve ser respaldado por um fabrico de m\u00e1xima qualidade. Na <strong>OB Cocinas<\/strong>, criamos <strong>m\u00f3veis<\/strong> \u00e0 medida com acabamentos premium desenhados para resistir ao ritmo fren\u00e9tico do dia a dia. <\/p>\n\n<p class=\"wp-block-paragraph\">N\u00e3o importa se sonha com uma cozinha mate, em alto brilho ou com o acolhimento da madeira; n\u00f3s temos a solu\u00e7\u00e3o perfeita para si. <strong>Encontre o seu distribuidor oficial OB mais pr\u00f3ximo<\/strong> e descubra em pessoa todas as texturas que dar\u00e3o vida ao seu pr\u00f3ximo projeto.<\/p>\n\n<div class=\"wp-block-cover wp-duotone-unset-1\"><img loading=\"lazy\" decoding=\"async\" width=\"1024\" height=\"683\" sizes=\"auto, (max-width: 1024px) 100vw, 1024px\" class=\"wp-block-cover__image-background wp-image-5223 size-large\" alt=\"\" src=\"https:\/\/obcocinas.es\/wp-content\/uploads\/2025\/11\/NI3E50_1-rsd-1024x683.jpg\" style=\"object-position:55% 52%\" data-object-fit=\"cover\" data-object-position=\"55% 52%\" srcset=\"https:\/\/obcocinas.es\/wp-content\/uploads\/2025\/11\/NI3E50_1-rsd-1024x683-jpg.avif 1024w, https:\/\/obcocinas.es\/wp-content\/uploads\/2025\/11\/NI3E50_1-rsd-1536x1024-jpg.avif 1536w, https:\/\/obcocinas.es\/wp-content\/uploads\/2025\/11\/NI3E50_1-rsd-2048x1365-jpg.avif 2048w\" \/><span aria-hidden=\"true\" class=\"wp-block-cover__background has-background-dim\"><\/span><div class=\"wp-block-cover__inner-container is-layout-flow wp-block-cover-is-layout-flow\">\n<div class=\"wp-block-columns is-layout-flex wp-container-core-columns-is-layout-89c98654 wp-block-columns-is-layout-flex\">\n<div class=\"wp-block-column is-layout-flow wp-block-column-is-layout-flow\"><\/div>\n\n\n\n<div class=\"wp-block-column is-layout-flow wp-block-column-is-layout-flow\">\n<h2 class=\"wp-block-heading has-text-align-right\">Onde comprar uma cozinha OB?<\/h2>\n\n\n\n<div style=\"height:10px\" aria-hidden=\"true\" class=\"wp-block-spacer\"><\/div>\n\n\n\n<p class=\"has-text-align-right wp-block-paragraph\" style=\"font-style:normal;font-weight:700\">ENCONTRE O PONTO DE VENDA DE COZINHAS OB MAIS PR\u00d3XIMO DE SI<\/p>\n\n\n\n<div style=\"height:10px\" aria-hidden=\"true\" class=\"wp-block-spacer\"><\/div>\n\n\n\n<div class=\"wp-block-buttons is-content-justification-right is-layout-flex wp-container-core-buttons-is-layout-a904f976 wp-block-buttons-is-layout-flex\">\n<div class=\"wp-block-button\"><a class=\"wp-block-button__link has-dark-color has-white-background-color has-text-color has-background has-link-color has-border-color has-black-border-color wp-element-button\" href=\"https:\/\/obcocinas.es\/pt\/lojas\/\" style=\"border-width:1px;border-top-left-radius:0px;border-top-right-radius:0px;border-bottom-left-radius:0px;border-bottom-right-radius:0px\">PROCURAR PONTO DE VENDA<\/a><\/div>\n<\/div>\n<\/div>\n<\/div>\n<\/div><\/div>\n","protected":false},"excerpt":{"rendered":"<p>O design de uma cozinha vai muito al\u00e9m de escolher a distribui\u00e7\u00e3o correta. A face vis\u00edvel do seu projeto, aquela que marcar\u00e1 o estilo e a personalidade do seu lar, s\u00e3o os frentes dos seus m\u00f3veis. Na hora de tomar esta decis\u00e3o, costuma surgir uma grande d\u00favida: que tipo de superf\u00edcie \u00e9 a mais adequada [&hellip;]<\/p>\n","protected":false},"author":1,"featured_media":20831,"comment_status":"closed","ping_status":"closed","sticky":false,"template":"","format":"standard","meta":{"footnotes":""},"categories":[1333],"tags":[],"class_list":["post-20830","post","type-post","status-publish","format-standard","has-post-thumbnail","hentry","category-consejos"],"_links":{"self":[{"href":"https:\/\/obcocinas.es\/pt\/wp-json\/wp\/v2\/posts\/20830","targetHints":{"allow":["GET"]}}],"collection":[{"href":"https:\/\/obcocinas.es\/pt\/wp-json\/wp\/v2\/posts"}],"about":[{"href":"https:\/\/obcocinas.es\/pt\/wp-json\/wp\/v2\/types\/post"}],"author":[{"embeddable":true,"href":"https:\/\/obcocinas.es\/pt\/wp-json\/wp\/v2\/users\/1"}],"replies":[{"embeddable":true,"href":"https:\/\/obcocinas.es\/pt\/wp-json\/wp\/v2\/comments?post=20830"}],"version-history":[{"count":1,"href":"https:\/\/obcocinas.es\/pt\/wp-json\/wp\/v2\/posts\/20830\/revisions"}],"predecessor-version":[{"id":20832,"href":"https:\/\/obcocinas.es\/pt\/wp-json\/wp\/v2\/posts\/20830\/revisions\/20832"}],"wp:featuredmedia":[{"embeddable":true,"href":"https:\/\/obcocinas.es\/pt\/wp-json\/wp\/v2\/media\/20831"}],"wp:attachment":[{"href":"https:\/\/obcocinas.es\/pt\/wp-json\/wp\/v2\/media?parent=20830"}],"wp:term":[{"taxonomy":"category","embeddable":true,"href":"https:\/\/obcocinas.es\/pt\/wp-json\/wp\/v2\/categories?post=20830"},{"taxonomy":"post_tag","embeddable":true,"href":"https:\/\/obcocinas.es\/pt\/wp-json\/wp\/v2\/tags?post=20830"}],"curies":[{"name":"wp","href":"https:\/\/api.w.org\/{rel}","templated":true}]}}