{"id":20784,"date":"2026-07-28T11:17:21","date_gmt":"2026-07-28T09:17:21","guid":{"rendered":"https:\/\/obcocinas.es\/blog\/em-profundidade-uma-cozinha-carregada-de-caracter-da-sistema-cuina\/"},"modified":"2026-08-31T13:12:12","modified_gmt":"2026-08-31T11:12:12","slug":"em-profundidade-uma-cozinha-carregada-de-caracter-da-sistema-cuina","status":"publish","type":"post","link":"https:\/\/obcocinas.es\/pt\/blog\/em-profundidade-uma-cozinha-carregada-de-caracter-da-sistema-cuina\/","title":{"rendered":"Em profundidade: uma cozinha carregada de car\u00e1cter da Sistema Cuina"},"content":{"rendered":"\n<p class=\"wp-block-paragraph\">O design de cozinhas contempor\u00e2neo superou a fase em que a funcionalidade e a est\u00e9tica competiam pelo papel principal. Hoje, a arquitetura de interiores procura projetar espa\u00e7os habit\u00e1veis, expressivos e estruturados com rigor. Nesta nova edi\u00e7\u00e3o da nossa sec\u00e7\u00e3o &#8220;Em profundidade&#8221;, analisamos um projeto assinado pela <a href=\"https:\/\/obcocinas.es\/tiendas\/barcelona\/sistema-cuina-barcelona\/\">Sistema Cuina<\/a>, um dos nossos distribuidores em Barcelona.  <\/p>\n\n<p class=\"wp-block-paragraph\">Nesta proposta, o est\u00fadio barcelon\u00eas demonstra como uma sele\u00e7\u00e3o madura de materiais e um planeamento espacial inteligente transformam um espa\u00e7o de trabalho no aut\u00eantico cora\u00e7\u00e3o da habita\u00e7\u00e3o. Mesmo quando, \u00e0 partida, parece uma &#8220;pequena&#8221; cozinha. Vejamo-la.  <\/p>\n\n<figure class=\"wp-block-image aligncenter size-large\"><img loading=\"lazy\" decoding=\"async\" width=\"768\" height=\"1024\" sizes=\"auto, (max-width: 768px) 100vw, 768px\" src=\"https:\/\/obcocinas.es\/wp-content\/uploads\/2026\/07\/image-15-768x1024.jpeg\" alt=\"Em profundidade: uma cozinha carregada de car&#xE1;cter da Sistema Cuina\" class=\"wp-image-20634\" srcset=\"https:\/\/obcocinas.es\/wp-content\/uploads\/2026\/07\/image-15-225x300-jpeg.avif 225w, https:\/\/obcocinas.es\/wp-content\/uploads\/2026\/07\/image-15-jpeg.avif 788w\" \/><figcaption class=\"wp-element-caption\">Sistema Cuina<\/figcaption><\/figure>\n\n<h2 class=\"wp-block-heading\">A for\u00e7a da paleta: o verde argila e carvalho<\/h2>\n\n<p class=\"wp-block-paragraph\">O primeiro elemento que define a personalidade deste projeto \u00e9 o seu acertado discurso crom\u00e1tico e de materiais. Longe da neutralidade convencional do branco (t\u00e3o recorrente em cozinhas pequenas e m\u00e9dias), a Sistema Cuina apostou em criar uma atmosfera profunda e envolvente utilizando uma combina\u00e7\u00e3o em contraste. <\/p>\n\n<figure class=\"wp-block-image aligncenter size-large\"><img loading=\"lazy\" decoding=\"async\" width=\"768\" height=\"1024\" sizes=\"auto, (max-width: 768px) 100vw, 768px\" src=\"https:\/\/obcocinas.es\/wp-content\/uploads\/2026\/07\/image-14-768x1024.jpeg\" alt=\"Em profundidade: uma cozinha carregada de car&#xE1;cter da Sistema Cuina\" class=\"wp-image-20633\" srcset=\"https:\/\/obcocinas.es\/wp-content\/uploads\/2026\/07\/image-14-225x300-jpeg.avif 225w, https:\/\/obcocinas.es\/wp-content\/uploads\/2026\/07\/image-14-jpeg.avif 788w\" \/><figcaption class=\"wp-element-caption\">Sistema Cuina<\/figcaption><\/figure>\n\n<p class=\"wp-block-paragraph\">Para o bloco principal de arruma\u00e7\u00e3o que percorre em L todas as paredes da cozinha, o est\u00fadio selecionou o nosso modelo Gand\u00eda na cor verde argila, um dos tons mais utilizados ultimamente pela sua capacidade de transmitir equil\u00edbrio e serenidade.<\/p>\n\n<p class=\"wp-block-paragraph\">A particularidade do modelo Gand\u00eda \u00e9 que apresenta diferentes submodelos. Para este projeto, foi utilizado na sua vers\u00e3o b\u00e1sica e na sua vers\u00e3o perfil J com a sua pega integrada, fabricada diretamente a partir de um rebaixo na mesma frente. Esta solu\u00e7\u00e3o t\u00e9cnica elimina a necessidade de puxadores adicionais, conseguindo linhas depuradas, cont\u00ednuas e de grande limpeza visual.   <\/p>\n\n<p class=\"wp-block-paragraph\">Como contraponto quente, foi combinado com o modelo Amazonas, o nosso laminado com efeito madeira de carvalho. Aplicado estrategicamente em zonas-chave, como a pen\u00ednsula ou a zona de pequeno-almo\u00e7o, introduz a textura org\u00e2nica dos veios naturais; conseguindo um di\u00e1logo visual equilibrado entre a modernidade urbana e o aconchego ambiental. <\/p>\n\n<figure class=\"wp-block-image aligncenter size-large\"><img loading=\"lazy\" decoding=\"async\" width=\"768\" height=\"1024\" sizes=\"auto, (max-width: 768px) 100vw, 768px\" src=\"https:\/\/obcocinas.es\/wp-content\/uploads\/2026\/07\/image-18-768x1024.jpeg\" alt=\"Em profundidade: uma cozinha carregada de car&#xE1;cter da Sistema Cuina\" class=\"wp-image-20637\" srcset=\"https:\/\/obcocinas.es\/wp-content\/uploads\/2026\/07\/image-18-225x300-jpeg.avif 225w, https:\/\/obcocinas.es\/wp-content\/uploads\/2026\/07\/image-18-jpeg.avif 788w\" \/><figcaption class=\"wp-element-caption\">Sistema Cuina<\/figcaption><\/figure>\n\n<h2 class=\"wp-block-heading\">Planeamento inteligente: verticalidade e pen\u00ednsula operativa<\/h2>\n\n<p class=\"wp-block-paragraph\">Em termos de distribui\u00e7\u00e3o, o projeto resolve com mestria o aproveitamento da planta e a fluidez de movimentos. A estrat\u00e9gia de design apoia-se em dois elementos-chave: <\/p>\n\n<ul class=\"wp-block-list\">\n<li>M\u00f3veis altos do ch\u00e3o ao teto: As frentes foram projetadas de forma vertical para criar uma sensa\u00e7\u00e3o de continuidade. Esta solu\u00e7\u00e3o n\u00e3o s\u00f3 maximiza a capacidade de arruma\u00e7\u00e3o, como elimina os v\u00e3os superiores in\u00fateis, oferecendo um aspeto arquitet\u00f3nico uniforme que estiliza o espa\u00e7o. <\/li>\n\n\n\n<li>Pen\u00ednsula estruturadora: Em vez de for\u00e7ar uma ilha isolada, a equipa da Sistema Cuina optou pela instala\u00e7\u00e3o de uma pen\u00ednsula. Esta pe\u00e7a prolonga uma grande superf\u00edcie de trabalho e delimita a \u00e1rea da cozinha face ao resto da habita\u00e7\u00e3o sem fechar o espa\u00e7o e funciona simultaneamente como zona de prepara\u00e7\u00e3o de alimentos e como barra informal para o dia a dia. <\/li>\n<\/ul>\n\n<figure class=\"wp-block-image aligncenter size-large\"><img loading=\"lazy\" decoding=\"async\" width=\"768\" height=\"1024\" sizes=\"auto, (max-width: 768px) 100vw, 768px\" src=\"https:\/\/obcocinas.es\/wp-content\/uploads\/2026\/07\/image-16-768x1024.jpeg\" alt=\"Em profundidade: uma cozinha carregada de car&#xE1;cter da Sistema Cuina\" class=\"wp-image-20635\" srcset=\"https:\/\/obcocinas.es\/wp-content\/uploads\/2026\/07\/image-16-225x300-jpeg.avif 225w, https:\/\/obcocinas.es\/wp-content\/uploads\/2026\/07\/image-16-jpeg.avif 788w\" \/><figcaption class=\"wp-element-caption\">Sistema Cuina<\/figcaption><\/figure>\n\n<h2 class=\"wp-block-heading\">A zona de pequeno-almo\u00e7o: detalhes para facilitar o quotidiano<\/h2>\n\n<p class=\"wp-block-paragraph\">Um dos grandes acertos deste projeto \u00e9 a inclus\u00e3o de uma zona de pequeno-almo\u00e7o integrada dentro da composi\u00e7\u00e3o de colunas. Este m\u00f3vel aberto cria um espa\u00e7o t\u00e9cnico espec\u00edfico para pequenos eletrodom\u00e9sticos e outros utens\u00edlios que precisam de estar \u00e0 m\u00e3o. <\/p>\n\n<p class=\"wp-block-paragraph\">Ao utilizar como estrutura o modelo Amazonas com ilumina\u00e7\u00e3o integrada, rompe-se a monotonia da frente verde. Este recurso, al\u00e9m disso, acrescenta tridimensionalidade e demonstra como o planeamento personalizado pode transformar uma rotina di\u00e1ria num gesto agrad\u00e1vel. <\/p>\n\n<figure class=\"wp-block-image aligncenter size-large\"><img loading=\"lazy\" decoding=\"async\" width=\"768\" height=\"1024\" sizes=\"auto, (max-width: 768px) 100vw, 768px\" src=\"https:\/\/obcocinas.es\/wp-content\/uploads\/2026\/07\/image-13-768x1024.jpeg\" alt=\"Em profundidade: uma cozinha carregada de car&#xE1;cter da Sistema Cuina\" class=\"wp-image-20632\" srcset=\"https:\/\/obcocinas.es\/wp-content\/uploads\/2026\/07\/image-13-225x300-jpeg.avif 225w, https:\/\/obcocinas.es\/wp-content\/uploads\/2026\/07\/image-13-jpeg.avif 788w\" \/><figcaption class=\"wp-element-caption\">Sistema Cuina<\/figcaption><\/figure>\n\n<h2 class=\"wp-block-heading\">Combina\u00e7\u00e3o de materiais: textura, pavimento e estrutura<\/h2>\n\n<p class=\"wp-block-paragraph\">Mas um grande projeto de design de interiores n\u00e3o se mede unicamente pelos seus m\u00f3veis, mas sim por como estes dialogam com a arquitetura preexistente. A Sistema Cuina coordenou com precis\u00e3o cada elemento para criar um contexto coerente: <\/p>\n\n<ul class=\"wp-block-list\">\n<li>A bancada e o revestimento de parede: Para a bancada, foi selecionada uma superf\u00edcie clara e lisa que unifica a zona de trabalho e para o frontal, optou-se por incluir textura e dinamismo com esses azulejos de est\u00e9tica artesanal.<\/li>\n\n\n\n<li>A viga de obra: Respeitar a viga estrutural de obra e deix\u00e1-la integrada na composi\u00e7\u00e3o visual confere um car\u00e1cter industrial e honesto. Em vez de se ocultar, este elemento arquitet\u00f3nico conversa diretamente com o aconchego do modelo Amazonas e a frescura do Gand\u00eda em verde argila. <\/li>\n\n\n\n<li>O pavimento, por sua vez, proporciona a base neutra necess\u00e1ria para suportar o peso crom\u00e1tico do mobili\u00e1rio sem saturar o conjunto.<\/li>\n<\/ul>\n\n<figure class=\"wp-block-image aligncenter size-large\"><img loading=\"lazy\" decoding=\"async\" width=\"768\" height=\"1024\" sizes=\"auto, (max-width: 768px) 100vw, 768px\" src=\"https:\/\/obcocinas.es\/wp-content\/uploads\/2026\/07\/image-17-768x1024.jpeg\" alt=\"Em profundidade: uma cozinha carregada de car&#xE1;cter da Sistema Cuina\" class=\"wp-image-20636\" srcset=\"https:\/\/obcocinas.es\/wp-content\/uploads\/2026\/07\/image-17-225x300-jpeg.avif 225w, https:\/\/obcocinas.es\/wp-content\/uploads\/2026\/07\/image-17-jpeg.avif 788w\" \/><figcaption class=\"wp-element-caption\">Sistema Cuina<\/figcaption><\/figure>\n\n<h2 class=\"wp-block-heading\">Um design concebido para perdurar<\/h2>\n\n<p class=\"wp-block-paragraph\">Em suma, este projeto \u00e9 um claro reflexo dos valores que defendemos na OB Cocinas: criar solu\u00e7\u00f5es que respondam \u00e0s necessidades reais de cada lar.<\/p>\n\n<p class=\"wp-block-paragraph\">A harmonia entre o verde argila, o aconchego do acabamento carvalho e a inteligente distribui\u00e7\u00e3o em pen\u00ednsula demonstram que, quando o design se aborda a partir da funcionalidade e da coer\u00eancia est\u00e9tica, o resultado \u00e9 uma cozinha carregada de car\u00e1cter e plenamente atemporal.<\/p>\n","protected":false},"excerpt":{"rendered":"<p>A Sistema Cuina demonstra-nos como uma sele\u00e7\u00e3o madura de materiais pode transformar a sua cozinha no verdadeiro cora\u00e7\u00e3o da sua casa.<\/p>\n","protected":false},"author":8,"featured_media":20785,"comment_status":"open","ping_status":"open","sticky":false,"template":"","format":"standard","meta":{"footnotes":""},"categories":[1],"tags":[],"class_list":["post-20784","post","type-post","status-publish","format-standard","has-post-thumbnail","hentry","category-sin-categoria"],"_links":{"self":[{"href":"https:\/\/obcocinas.es\/pt\/wp-json\/wp\/v2\/posts\/20784","targetHints":{"allow":["GET"]}}],"collection":[{"href":"https:\/\/obcocinas.es\/pt\/wp-json\/wp\/v2\/posts"}],"about":[{"href":"https:\/\/obcocinas.es\/pt\/wp-json\/wp\/v2\/types\/post"}],"author":[{"embeddable":true,"href":"https:\/\/obcocinas.es\/pt\/wp-json\/wp\/v2\/users\/8"}],"replies":[{"embeddable":true,"href":"https:\/\/obcocinas.es\/pt\/wp-json\/wp\/v2\/comments?post=20784"}],"version-history":[{"count":1,"href":"https:\/\/obcocinas.es\/pt\/wp-json\/wp\/v2\/posts\/20784\/revisions"}],"predecessor-version":[{"id":20786,"href":"https:\/\/obcocinas.es\/pt\/wp-json\/wp\/v2\/posts\/20784\/revisions\/20786"}],"wp:featuredmedia":[{"embeddable":true,"href":"https:\/\/obcocinas.es\/pt\/wp-json\/wp\/v2\/media\/20785"}],"wp:attachment":[{"href":"https:\/\/obcocinas.es\/pt\/wp-json\/wp\/v2\/media?parent=20784"}],"wp:term":[{"taxonomy":"category","embeddable":true,"href":"https:\/\/obcocinas.es\/pt\/wp-json\/wp\/v2\/categories?post=20784"},{"taxonomy":"post_tag","embeddable":true,"href":"https:\/\/obcocinas.es\/pt\/wp-json\/wp\/v2\/tags?post=20784"}],"curies":[{"name":"wp","href":"https:\/\/api.w.org\/{rel}","templated":true}]}}