{"id":20863,"date":"2026-07-28T10:54:11","date_gmt":"2026-07-28T08:54:11","guid":{"rendered":"https:\/\/obcocinas.es\/blog\/trois-propositions-de-design-pour-des-cuisines-en-blanc-et-bois\/"},"modified":"2026-08-31T18:48:39","modified_gmt":"2026-08-31T16:48:39","slug":"trois-propositions-de-design-pour-des-cuisines-en-blanc-et-bois","status":"publish","type":"post","link":"https:\/\/obcocinas.es\/fr\/blog\/trois-propositions-de-design-pour-des-cuisines-en-blanc-et-bois\/","title":{"rendered":"Trois propositions de design pour des cuisines en blanc et bois"},"content":{"rendered":"\n<p class=\"wp-block-paragraph\">L\u2019association du blanc et du bois dans la cuisine est l\u2019une des grandes favorites de la d\u00e9coration d\u2019int\u00e9rieur, et ce n\u2019est pas un hasard. Sa formule magique ne l\u2019est pas tant que \u00e7a : alors que le blanc apporte lumi\u00e8re, espace et cette sensation de propret\u00e9 dont beaucoup ont besoin pour cuisiner, le bois compense par sa texture organique, cr\u00e9ant un espace chaleureux, vivant et v\u00e9ritablement accueillant. <\/p>\n\n<p class=\"wp-block-paragraph\">Cependant, faire en sorte que ces deux \u00e9l\u00e9ments s\u2019accordent parfaitement n\u00e9cessite un certain sens des proportions. Si nous abusons du blanc, nous courons le risque de cr\u00e9er un espace un peu froid ou impersonnel ; et si nous for\u00e7ons sur le bois, nous pouvons r\u00e9duire la luminosit\u00e9 (qui est parfois limit\u00e9e par les conditions d\u2019\u00e9clairage de la pi\u00e8ce). <\/p>\n\n<p class=\"wp-block-paragraph\">Pour vous aider, et \u00e0 travers trois propositions de notre <a href=\"https:\/\/obcocinas.es\/wp-content\/uploads\/2025\/11\/CATALOGO-DE-IMAGEN-2025.pdf\">dernier catalogue<\/a> (avec nos mod\u00e8les <a href=\"https:\/\/obcocinas.es\/fr\/projets\/aviano\/\">Aviano<\/a>, <a href=\"http:\/\/liverpool\">Liverpool<\/a> et <a href=\"https:\/\/obcocinas.es\/fr\/projets\/parona\/\">Parona<\/a>), nous analysons comment combiner ces deux finitions pour obtenir une cuisine intemporelle, fonctionnelle et avec sa propre personnalit\u00e9.<\/p>\n\n<figure class=\"wp-block-image aligncenter size-large\"><img loading=\"lazy\" decoding=\"async\" width=\"1024\" height=\"1024\" sizes=\"auto, (max-width: 1024px) 100vw, 1024px\" src=\"https:\/\/obcocinas.es\/wp-content\/uploads\/2026\/07\/image-8-1024x1024.jpeg\" alt=\"Aviano\" class=\"wp-image-20606\" srcset=\"https:\/\/obcocinas.es\/wp-content\/uploads\/2026\/07\/image-8-1024x1024-jpeg.avif 1024w, https:\/\/obcocinas.es\/wp-content\/uploads\/2026\/07\/image-8-150x150-jpeg.avif 150w, https:\/\/obcocinas.es\/wp-content\/uploads\/2026\/07\/image-8-1536x1536-jpeg.avif 1536w, https:\/\/obcocinas.es\/wp-content\/uploads\/2026\/07\/image-8-jpeg.avif 2048w\" \/><figcaption class=\"wp-element-caption\">Aviano<\/figcaption><\/figure>\n\n<h2 class=\"wp-block-heading\">Aviano : \u00e9quilibrer l\u2019espace en jouant avec les plans<\/h2>\n\n<p class=\"wp-block-paragraph\">Lors de la conception d\u2019une cuisine, l\u2019une des meilleures strat\u00e9gies pour combiner deux finitions consiste \u00e0 les organiser par niveaux ou plans visuels. Au lieu d\u2019alterner les couleurs sans motif clair, l\u2019attribution d\u2019un mat\u00e9riau \u00e0 chaque zone aide \u00e0 ce que l\u2019ensemble soit per\u00e7u comme ordonn\u00e9 et harmonieux. <\/p>\n\n<figure class=\"wp-block-image aligncenter size-large\"><img decoding=\"async\" sizes=\"(max-width: 1024px) 100vw, 1024px\" src=\"https:\/\/obcocinas.es\/wp-content\/uploads\/2026\/07\/image-5-1024x554-jpeg.avif\" alt=\"\" class=\"wp-image-20604\"\/><\/figure>\n\n<p class=\"wp-block-paragraph\">Dans cette proposition, nous utilisons le bois comme base solide pour les meubles colonnes et la partie ext\u00e9rieure de l\u2019\u00eelot. De cette mani\u00e8re, nous parvenons \u00e0 donner une stabilit\u00e9 visuelle \u00e0 la pi\u00e8ce. Le veinage du bois \u00ab embrasse \u00bb la zone de travail et cr\u00e9e un environnement tr\u00e8s agr\u00e9able.  <\/p>\n\n<figure class=\"wp-block-image aligncenter size-large\"><img decoding=\"async\" sizes=\"(max-width: 1024px) 100vw, 1024px\" src=\"https:\/\/obcocinas.es\/wp-content\/uploads\/2026\/07\/image-7-1024x1024-jpeg.avif\" alt=\"\" class=\"wp-image-20607\"\/><\/figure>\n\n<p class=\"wp-block-paragraph\">Pour les meubles bas (dispos\u00e9s en parall\u00e8le), ainsi que pour le rev\u00eatement de l\u2019\u00eelot, nous avons opt\u00e9 pour la couleur blanche afin d\u2019all\u00e9ger l\u2019espace et de refl\u00e9ter la lumi\u00e8re qui entre par la baie vitr\u00e9e.<\/p>\n\n<figure class=\"wp-block-image aligncenter size-large\"><img loading=\"lazy\" decoding=\"async\" width=\"1024\" height=\"1024\" sizes=\"auto, (max-width: 1024px) 100vw, 1024px\" src=\"https:\/\/obcocinas.es\/wp-content\/uploads\/2026\/07\/image-1024x1024.jpeg\" alt=\"Liverpool\" class=\"wp-image-20599\" srcset=\"https:\/\/obcocinas.es\/wp-content\/uploads\/2026\/07\/image-1024x1024-jpeg.avif 1024w, https:\/\/obcocinas.es\/wp-content\/uploads\/2026\/07\/image-150x150-jpeg.avif 150w, https:\/\/obcocinas.es\/wp-content\/uploads\/2026\/07\/image-jpeg.avif 1181w\" \/><figcaption class=\"wp-element-caption\">Liverpool<\/figcaption><\/figure>\n\n<h2 class=\"wp-block-heading\">Liverpool : la tradition avec un air renouvel\u00e9<\/h2>\n\n<p class=\"wp-block-paragraph\">Pour ceux qui recherchent une cuisine au charme artisanal, les fa\u00e7ades \u00e0 cadre sont l\u2019option parfaite. Une petite moulure cr\u00e9e un jeu d\u2019ombres et de lumi\u00e8res tr\u00e8s doux qui ajoute de la texture \u00e0 l\u2019espace sans sacrifier la modernit\u00e9. <\/p>\n\n<p class=\"wp-block-paragraph\">Dans notre proposition avec le mod\u00e8le Liverpool, le protagoniste est ce dernier, en finition blanche, permettant \u00e0 la lumi\u00e8re naturelle de se multiplier dans toute la pi\u00e8ce.<\/p>\n\n<figure class=\"wp-block-image aligncenter size-large\"><img decoding=\"async\" sizes=\"(max-width: 1024px) 100vw, 1024px\" src=\"https:\/\/obcocinas.es\/wp-content\/uploads\/2026\/07\/image-6-1024x557-jpeg.avif\" alt=\"\" class=\"wp-image-20605\"\/><\/figure>\n\n<p class=\"wp-block-paragraph\">Ici, la touche de bois est introduite comme un accent chaleureux dans les zones o\u00f9 la vue et le toucher l\u2019appr\u00e9cient le plus : sur le plan de travail, le rev\u00eatement mural et dans un meuble ouvert qui fait office de coin petit-d\u00e9jeuner.<\/p>\n\n<figure class=\"wp-block-image aligncenter size-large\"><img decoding=\"async\" sizes=\"(max-width: 1024px) 100vw, 1024px\" src=\"https:\/\/obcocinas.es\/wp-content\/uploads\/2026\/07\/image-2-1024x759-jpeg.avif\" alt=\"\" class=\"wp-image-20601\"\/><\/figure>\n\n<p class=\"wp-block-paragraph\">Pour une sensation de confort suppl\u00e9mentaire, nous avons inclus un \u00e9clairage chaud dans toutes ces zones, int\u00e9gr\u00e9 aux meubles hauts. Il permet de cr\u00e9er une atmosph\u00e8re enveloppante pour ces moments de calme : par exemple, en fin de journ\u00e9e ou lorsque nous nous d\u00e9tendons apr\u00e8s le d\u00eener. <\/p>\n\n<figure class=\"wp-block-image aligncenter size-large\"><img decoding=\"async\" sizes=\"(max-width: 1024px) 100vw, 1024px\" src=\"https:\/\/obcocinas.es\/wp-content\/uploads\/2026\/07\/image-4-1024x1024-jpeg.avif\" alt=\"\" class=\"wp-image-20603\"\/><\/figure>\n\n<h2 class=\"wp-block-heading\">Parona : accents de bois<\/h2>\n\n<p class=\"wp-block-paragraph\">Il existe de nombreuses fa\u00e7ons de faire r\u00e9gner un mat\u00e9riau dans un design. Car non, ce n\u2019est pas toujours en l\u2019incluant comme base, bien au contraire. <\/p>\n\n<p class=\"wp-block-paragraph\">Notre proposition avec notre mod\u00e8le Parona en est une excellente illustration. Nous y constatons que le blanc et les tons doux dominent la pi\u00e8ce, g\u00e9n\u00e9rant une ambiance empreinte de puret\u00e9. <\/p>\n\n<p class=\"wp-block-paragraph\">Cependant, nos yeux se tournent vers les meubles bas, o\u00f9 notre stratifi\u00e9 finition ch\u00eane se distingue par ses propres m\u00e9rites, apportant pr\u00e9sence, caract\u00e8re et stabilit\u00e9 \u00e0 l\u2019ensemble du design.<\/p>\n\n<figure class=\"wp-block-image aligncenter size-large\"><img decoding=\"async\" sizes=\"(max-width: 1024px) 100vw, 1024px\" src=\"https:\/\/obcocinas.es\/wp-content\/uploads\/2026\/07\/image-1-1024x557-jpeg.avif\" alt=\"\" class=\"wp-image-20600\"\/><\/figure>\n\n<p class=\"wp-block-paragraph\">Pour ajouter plus de contraste, nous avons opt\u00e9 pour la couleur noire pour le four et le micro-ondes (dispos\u00e9s en colonne) et pour le rideau de meuble qui cache le coin petit-d\u00e9jeuner. Et pour une touche de douceur, nous avons inclus du dor\u00e9 sur les poign\u00e9es, la robinetterie et le veinage du plan de travail. <\/p>\n\n<figure class=\"wp-block-image aligncenter size-large\"><img decoding=\"async\" sizes=\"(max-width: 1024px) 100vw, 1024px\" src=\"https:\/\/obcocinas.es\/wp-content\/uploads\/2026\/07\/image-3-1024x706-jpeg.avif\" alt=\"\" class=\"wp-image-20602\"\/><\/figure>\n\n<h2 class=\"wp-block-heading\">Concevoir en pensant \u00e0 votre fa\u00e7on de vivre<\/h2>\n\n<p class=\"wp-block-paragraph\">Comme nous le voyons, combiner le blanc et le bois ne consiste pas \u00e0 appliquer une formule fixe, mais \u00e0 trouver la proportion adapt\u00e9e \u00e0 votre espace, \u00e0 la lumi\u00e8re qui entre par vos fen\u00eatres et \u00e0 votre propre fa\u00e7on d\u2019utiliser la cuisine. Que ce soit par la sym\u00e9trie du mod\u00e8le Aviano, la d\u00e9licatesse encadr\u00e9e de Liverpool ou la personnalit\u00e9 affirm\u00e9e de Parona, le secret r\u00e9side dans la cr\u00e9ation d\u2019un environnement o\u00f9 vous avez envie de passer du temps. <\/p>\n\n<p class=\"wp-block-paragraph\">Au final, une cuisine bien pens\u00e9e n\u2019est pas seulement belle le premier jour, elle reste un plaisir \u00e0 vivre au fil des ann\u00e9es.<\/p>\n\n<p class=\"wp-block-paragraph\">Si vous avez besoin d\u2019aide pour la planifier et la concr\u00e9tiser, vous savez que vous pouvez compter sur l\u2019un de nos distributeurs. Trouvez le plus proche de chez vous gr\u00e2ce \u00e0 notre <a href=\"https:\/\/obcocinas.es\/fr\/magasins\/\">localisateur de magasins<\/a>. <\/p>\n","protected":false},"excerpt":{"rendered":"<p>Finitions de cuisine en blanc et bois pour un design intemporel, fonctionnel et dot\u00e9 d\u2019une personnalit\u00e9 propre.<\/p>\n","protected":false},"author":8,"featured_media":20871,"comment_status":"open","ping_status":"open","sticky":false,"template":"","format":"standard","meta":{"footnotes":""},"categories":[1066],"tags":[1361,1345],"class_list":["post-20863","post","type-post","status-publish","format-standard","has-post-thumbnail","hentry","category-inspiration-fr","tag-cocinas-de-madera","tag-diseno-de-cocinas"],"_links":{"self":[{"href":"https:\/\/obcocinas.es\/fr\/wp-json\/wp\/v2\/posts\/20863","targetHints":{"allow":["GET"]}}],"collection":[{"href":"https:\/\/obcocinas.es\/fr\/wp-json\/wp\/v2\/posts"}],"about":[{"href":"https:\/\/obcocinas.es\/fr\/wp-json\/wp\/v2\/types\/post"}],"author":[{"embeddable":true,"href":"https:\/\/obcocinas.es\/fr\/wp-json\/wp\/v2\/users\/8"}],"replies":[{"embeddable":true,"href":"https:\/\/obcocinas.es\/fr\/wp-json\/wp\/v2\/comments?post=20863"}],"version-history":[{"count":1,"href":"https:\/\/obcocinas.es\/fr\/wp-json\/wp\/v2\/posts\/20863\/revisions"}],"predecessor-version":[{"id":20872,"href":"https:\/\/obcocinas.es\/fr\/wp-json\/wp\/v2\/posts\/20863\/revisions\/20872"}],"wp:featuredmedia":[{"embeddable":true,"href":"https:\/\/obcocinas.es\/fr\/wp-json\/wp\/v2\/media\/20871"}],"wp:attachment":[{"href":"https:\/\/obcocinas.es\/fr\/wp-json\/wp\/v2\/media?parent=20863"}],"wp:term":[{"taxonomy":"category","embeddable":true,"href":"https:\/\/obcocinas.es\/fr\/wp-json\/wp\/v2\/categories?post=20863"},{"taxonomy":"post_tag","embeddable":true,"href":"https:\/\/obcocinas.es\/fr\/wp-json\/wp\/v2\/tags?post=20863"}],"curies":[{"name":"wp","href":"https:\/\/api.w.org\/{rel}","templated":true}]}}