{"id":20845,"date":"2026-07-03T12:07:02","date_gmt":"2026-07-03T10:07:02","guid":{"rendered":"https:\/\/obcocinas.es\/blog\/cuisines-dexterieur-design-et-materiaux\/"},"modified":"2026-08-31T18:47:51","modified_gmt":"2026-08-31T16:47:51","slug":"cuisines-dexterieur-design-et-materiaux","status":"publish","type":"post","link":"https:\/\/obcocinas.es\/fr\/blog\/cuisines-dexterieur-design-et-materiaux\/","title":{"rendered":"Cuisines d\u2019ext\u00e9rieur : design et mat\u00e9riaux"},"content":{"rendered":"\n<p class=\"wp-block-paragraph\">Le beau temps invite \u00e0 d\u00e9placer notre routine quotidienne dans le jardin ou sur la terrasse. Les <strong>cuisines d\u2019ext\u00e9rieur<\/strong> ne sont plus une simple mode, mais sont devenues l\u2019une des r\u00e9novations les plus souhait\u00e9es pour la maison. <\/p>\n\n<p class=\"wp-block-paragraph\">Concevoir un espace en plein air n\u00e9cessite une planification particuli\u00e8re. Ci-dessous, nous passons en revue les \u00e9l\u00e9ments \u00e0 prendre en compte pour cr\u00e9er votre <strong>cuisine d\u2019\u00e9t\u00e9<\/strong> id\u00e9ale. <\/p>\n\n<h2 class=\"wp-block-heading\"><strong>L\u2019essor des cuisines d\u2019\u00e9t\u00e9 modernes<\/strong><\/h2>\n\n<p class=\"wp-block-paragraph\">Oubliez le barbecue classique isol\u00e9 au fond du jardin.<\/p>\n\n<p class=\"wp-block-paragraph\">Aujourd\u2019hui, la tendance est de rechercher des <strong>meubles de cuisine pour l\u2019ext\u00e9rieur<\/strong> qui forment un espace complet, confortable et fonctionnel.<\/p>\n\n<p class=\"wp-block-paragraph\">Les principaux avantages de franchir ce pas pour votre maison sont :<\/p>\n\n<ul class=\"wp-block-list\">\n<li><strong>Confort total :<\/strong> vous \u00e9vitez les allers-retours constants et inconfortables \u00e0 l\u2019int\u00e9rieur de la maison.<\/li>\n\n\n\n<li><strong>Espace social :<\/strong> permet \u00e0 la personne qui cuisine de profiter de la compagnie de ses invit\u00e9s sans interruptions.<\/li>\n\n\n\n<li><strong>Esth\u00e9tique int\u00e9gr\u00e9e :<\/strong> elles agissent comme une extension naturelle du design int\u00e9rieur de votre habitation.<\/li>\n<\/ul>\n\n<h2 class=\"wp-block-heading\"><strong>Mat\u00e9riaux cl\u00e9s pour les meubles de cuisine d\u2019ext\u00e9rieur<\/strong><\/h2>\n\n<p class=\"wp-block-paragraph\">Le plus grand d\u00e9fi dans la <strong>conception d\u2019une cuisine de terrasse<\/strong> est son exposition aux changements climatiques.<\/p>\n\n<p class=\"wp-block-paragraph\">Comme le mobilier est hautement personnalisable, les options sont vari\u00e9es. La cl\u00e9 r\u00e9side dans le choix de composants con\u00e7us pour la vie en plein air. <\/p>\n\n<h3 class=\"wp-block-heading\"><strong>Fa\u00e7ades r\u00e9sistantes aux intemp\u00e9ries et \u00e0 l\u2019humidit\u00e9<\/strong><\/h3>\n\n<p class=\"wp-block-paragraph\">Les portes des meubles seront confront\u00e9es au soleil et \u00e0 l\u2019humidit\u00e9 ambiante.<\/p>\n\n<p class=\"wp-block-paragraph\">Il est fondamental de choisir des panneaux et des finitions con\u00e7us pour supporter ces conditions sans se d\u00e9former ni perdre leur couleur.<\/p>\n\n<p class=\"wp-block-paragraph\">Il existe de multiples configurations esth\u00e9tiques, des textures imitant la nature aux surfaces lisses et minimalistes.<\/p>\n\n<h3 class=\"wp-block-heading\"><strong>Quincaillerie et plans de travail ultracompacts<\/strong><\/h3>\n\n<p class=\"wp-block-paragraph\">L\u2019int\u00e9rieur de vos armoires est aussi important que la fa\u00e7ade visuelle.<\/p>\n\n<p class=\"wp-block-paragraph\">L\u2019utilisation d\u2019une quincaillerie de haute qualit\u00e9 et de m\u00e9canismes robustes garantit que les tiroirs fonctionnent en douceur saison apr\u00e8s saison.<\/p>\n\n<p class=\"wp-block-paragraph\">En ce qui concerne la surface de travail, les options suivantes se distinguent :<\/p>\n\n<ul class=\"wp-block-list\">\n<li><strong>Plans de travail en porcelaine ou ultracompacts :<\/strong> ils supportent excellemment la chaleur directe.<\/li>\n\n\n\n<li><strong>Surfaces non poreuses :<\/strong> elles sont tr\u00e8s hygi\u00e9niques et faciles \u00e0 nettoyer apr\u00e8s un repas en plein air.<\/li>\n<\/ul>\n\n<h2 class=\"wp-block-heading\"><strong>Agencement id\u00e9al pour votre cuisine de terrasse<\/strong><\/h2>\n\n<p class=\"wp-block-paragraph\">Il n\u2019existe pas d\u2019agencement parfait unique. Tout d\u00e9pendra des m\u00e8tres carr\u00e9s de votre porche ou jardin et de vos go\u00fbts personnels. <\/p>\n\n<p class=\"wp-block-paragraph\">N\u00e9anmoins, une conception \u00e9quilibr\u00e9e s\u2019articule g\u00e9n\u00e9ralement autour de ces zones :<\/p>\n\n<h3 class=\"wp-block-heading\"><strong>La zone de cuisson et barbecue<\/strong><\/h3>\n\n<p class=\"wp-block-paragraph\">C\u2019est le c\u0153ur de votre cuisine en plein air. Vous pouvez installer des planchas, des grils ou des modules \u00e0 gaz. <\/p>\n\n<p class=\"wp-block-paragraph\"><em>Conseil de design :<\/em> laissez toujours suffisamment de plan de travail libre sur les c\u00f4t\u00e9s pour pouvoir poser des plateaux et manipuler les ustensiles en toute s\u00e9curit\u00e9.<\/p>\n\n<h3 class=\"wp-block-heading\"><strong>Zone d\u2019eau et bar pour socialiser<\/strong><\/h3>\n\n<p class=\"wp-block-paragraph\">Disposer d\u2019un \u00e9vier \u00e0 l\u2019ext\u00e9rieur fait une grande diff\u00e9rence pour nettoyer rapidement et pr\u00e9parer des aliments frais.<\/p>\n\n<figure class=\"wp-block-image aligncenter size-full\"><img loading=\"lazy\" decoding=\"async\" width=\"900\" height=\"975\" sizes=\"auto, (max-width: 900px) 100vw, 900px\" src=\"https:\/\/obcocinas.es\/wp-content\/uploads\/2026\/07\/cocinas-de-exterior-modernas.webp\" alt=\"cuisines d&#x2019;ext&#xE9;rieur\" class=\"wp-image-20446\" srcset=\"https:\/\/obcocinas.es\/wp-content\/uploads\/2026\/07\/cocinas-de-exterior-modernas.webp 900w, https:\/\/obcocinas.es\/wp-content\/uploads\/2026\/07\/cocinas-de-exterior-modernas-277x300.webp 277w\" \/><\/figure>\n\n<p class=\"wp-block-paragraph\">Si l\u2019espace le permet, ajouter un bar est une id\u00e9e brillante.<\/p>\n\n<figure class=\"wp-block-table\"><table class=\"has-fixed-layout\"><tbody><tr><td><strong>Zone de la cuisine<\/strong><\/td><td><strong>\u00c9l\u00e9ments indispensables<\/strong><\/td><td><strong>B\u00e9n\u00e9fice principal<\/strong><\/td><\/tr><tr><td><strong>Zone de cuisson<\/strong><\/td><td>Plancha, gaz ou barbecue<\/td><td>Pr\u00e9parer les repas en plein air<\/td><\/tr><tr><td><strong>Zone d\u2019eau<\/strong><\/td><td>\u00c9vier ext\u00e9rieur<\/td><td>Rapidit\u00e9 et hygi\u00e8ne maximale<\/td><\/tr><tr><td><strong>Zone sociale<\/strong><\/td><td>Bar en surplomb ou p\u00e9ninsule<\/td><td>Partager l\u2019espace avec les invit\u00e9s<\/td><\/tr><\/tbody><\/table><\/figure>\n\n<h2 class=\"wp-block-heading\"><strong>Profitez de l\u2019\u00e9t\u00e9 en plein air avec OB Cocinas<\/strong><\/h2>\n\n<p class=\"wp-block-paragraph\">La cl\u00e9 d\u2019un projet r\u00e9ussi est qu\u2019il soit pens\u00e9 exclusivement pour vous, car tous les produits ne conviennent pas \u00e0 tous les espaces.<\/p>\n\n<p class=\"wp-block-paragraph\">Chez <strong><a href=\"https:\/\/obcocinas.es\/fr\/\" data-type=\"link\" data-id=\"https:\/\/obcocinas.es\/fr\/\">OB Cocinas<\/a><\/strong>, nous savons que chaque foyer est unique et nous misons sur une personnalisation maximale.<\/p>\n\n<p class=\"wp-block-paragraph\">Trouvez votre distributeur officiel le plus proche et commencez \u00e0 concevoir le cadre parfait pour vos meilleurs moments de l\u2019\u00e9t\u00e9.<\/p>\n","protected":false},"excerpt":{"rendered":"<p>Le beau temps invite \u00e0 d\u00e9placer notre routine quotidienne dans le jardin ou sur la terrasse. Les cuisines d\u2019ext\u00e9rieur ne sont plus une simple mode, mais sont devenues l\u2019une des r\u00e9novations les plus souhait\u00e9es pour la maison. Concevoir un espace en plein air n\u00e9cessite une planification particuli\u00e8re. Ci-dessous, nous passons en revue les \u00e9l\u00e9ments \u00e0 [&hellip;]<\/p>\n","protected":false},"author":1,"featured_media":20846,"comment_status":"closed","ping_status":"closed","sticky":false,"template":"","format":"standard","meta":{"footnotes":""},"categories":[1066],"tags":[],"class_list":["post-20845","post","type-post","status-publish","format-standard","has-post-thumbnail","hentry","category-inspiration-fr"],"_links":{"self":[{"href":"https:\/\/obcocinas.es\/fr\/wp-json\/wp\/v2\/posts\/20845","targetHints":{"allow":["GET"]}}],"collection":[{"href":"https:\/\/obcocinas.es\/fr\/wp-json\/wp\/v2\/posts"}],"about":[{"href":"https:\/\/obcocinas.es\/fr\/wp-json\/wp\/v2\/types\/post"}],"author":[{"embeddable":true,"href":"https:\/\/obcocinas.es\/fr\/wp-json\/wp\/v2\/users\/1"}],"replies":[{"embeddable":true,"href":"https:\/\/obcocinas.es\/fr\/wp-json\/wp\/v2\/comments?post=20845"}],"version-history":[{"count":1,"href":"https:\/\/obcocinas.es\/fr\/wp-json\/wp\/v2\/posts\/20845\/revisions"}],"predecessor-version":[{"id":20847,"href":"https:\/\/obcocinas.es\/fr\/wp-json\/wp\/v2\/posts\/20845\/revisions\/20847"}],"wp:featuredmedia":[{"embeddable":true,"href":"https:\/\/obcocinas.es\/fr\/wp-json\/wp\/v2\/media\/20846"}],"wp:attachment":[{"href":"https:\/\/obcocinas.es\/fr\/wp-json\/wp\/v2\/media?parent=20845"}],"wp:term":[{"taxonomy":"category","embeddable":true,"href":"https:\/\/obcocinas.es\/fr\/wp-json\/wp\/v2\/categories?post=20845"},{"taxonomy":"post_tag","embeddable":true,"href":"https:\/\/obcocinas.es\/fr\/wp-json\/wp\/v2\/tags?post=20845"}],"curies":[{"name":"wp","href":"https:\/\/api.w.org\/{rel}","templated":true}]}}