{"id":20810,"date":"2026-07-27T13:07:11","date_gmt":"2026-07-27T11:07:11","guid":{"rendered":"https:\/\/obcocinas.es\/blog\/cuisines-ouvertes-sur-le-salon-avantages-design-et-comment-les-integrer\/"},"modified":"2026-08-31T18:45:49","modified_gmt":"2026-08-31T16:45:49","slug":"cuisines-ouvertes-sur-le-salon-avantages-design-et-comment-les-integrer","status":"publish","type":"post","link":"https:\/\/obcocinas.es\/fr\/blog\/cuisines-ouvertes-sur-le-salon-avantages-design-et-comment-les-integrer\/","title":{"rendered":"Cuisines ouvertes sur le salon : avantages, design et comment les int\u00e9grer"},"content":{"rendered":"\n<p class=\"wp-block-paragraph\">Abattre des cloisons et unir les espaces est devenu la r\u00e9novation phare de la derni\u00e8re d\u00e9cennie. Les <strong>cuisines ouvertes sur le salon<\/strong> ont totalement transform\u00e9 notre fa\u00e7on de vivre et de profiter de notre foyer. <\/p>\n\n<p class=\"wp-block-paragraph\">Cependant, pour obtenir un r\u00e9sultat \u00e9l\u00e9gant, il ne suffit pas d\u2019abattre un mur. Voici les cl\u00e9s de conception pour fusionner les deux ambiances avec succ\u00e8s. <\/p>\n\n<h2 class=\"wp-block-heading\"><strong>Pourquoi le concept ouvert triomphe-t-il dans l\u2019habitat ?<\/strong><\/h2>\n\n<p class=\"wp-block-paragraph\">La cuisine n\u2019est plus un lieu isol\u00e9 et de travail exclusif, elle est devenue le c\u0153ur social de l\u2019habitation. Ouvrir cet espace sur le salon ou la salle \u00e0 manger apporte des b\u00e9n\u00e9fices incroyables \u00e0 votre quotidien : <\/p>\n\n<ul class=\"wp-block-list\">\n<li><strong>Plus de luminosit\u00e9 :<\/strong> en \u00e9liminant les obstacles, la lumi\u00e8re naturelle circule librement dans toute la pi\u00e8ce.<\/li>\n\n\n\n<li><strong>Grandeur visuelle :<\/strong> les m\u00e8tres carr\u00e9s s\u2019additionnent, donnant l\u2019impression que les maisons sont beaucoup plus vastes.<\/li>\n\n\n\n<li><strong>Lien social :<\/strong> la personne qui cuisine ne manque plus les conversations familiales et ne s\u2019isole plus des invit\u00e9s.<\/li>\n<\/ul>\n\n<h2 class=\"wp-block-heading\"><strong>Cl\u00e9s pour int\u00e9grer la cuisine \u00e0 la d\u00e9coration du salon<\/strong><\/h2>\n\n<p class=\"wp-block-paragraph\">Le grand d\u00e9fi du concept ouvert est de faire dialoguer la zone de travail et la zone de repos.<\/p>\n\n<p class=\"wp-block-paragraph\">Les deux espaces doivent partager le m\u00eame langage esth\u00e9tique afin d\u2019\u00e9viter les contrastes brusques.<\/p>\n\n<figure class=\"wp-block-image aligncenter size-full\"><img decoding=\"async\" sizes=\"(max-width: 1024px) 100vw, 1024px\" src=\"https:\/\/obcocinas.es\/wp-content\/uploads\/2026\/07\/image-1-png.avif\" alt=\"\" class=\"wp-image-20676\"\/><\/figure>\n\n<h3 class=\"wp-block-heading\"><strong>Continuit\u00e9 visuelle : sols unifi\u00e9s et palette de couleurs<\/strong><\/h3>\n\n<p class=\"wp-block-paragraph\">L\u2019astuce des designers pour unifier les ambiances consiste \u00e0 poser le m\u00eame rev\u00eatement de sol dans les deux zones. De plus, les <strong>meubles<\/strong> de cuisine doivent \u00eatre en harmonie avec la palette de couleurs du salon. <\/p>\n\n<p class=\"wp-block-paragraph\">Choisir des finitions neutres ou des bois chaleureux pour les modules aide \u00e0 percevoir la cuisine comme une extension du mobilier du salon.<\/p>\n\n<h3 class=\"wp-block-heading\"><strong>L\u2019\u00eelot ou la p\u00e9ninsule comme s\u00e9parateur d\u2019espaces<\/strong><\/h3>\n\n<p class=\"wp-block-paragraph\">Dans un espace ouvert, des \u00e9l\u00e9ments d\u00e9limitant les zones de mani\u00e8re subtile sont n\u00e9cessaires. Un \u00eelot central ou une p\u00e9ninsule constituent les transitions parfaites entre la cuisine et le salon. <\/p>\n\n<p class=\"wp-block-paragraph\">Ils offrent un plan de travail suppl\u00e9mentaire d\u2019un c\u00f4t\u00e9 et, de l\u2019autre, peuvent servir de bar pour les petits-d\u00e9jeuners ou les repas informels.<\/p>\n\n<h2 class=\"wp-block-heading\"><strong>Le secret de l\u2019ordre visuel dans les cuisines ouvertes<\/strong><\/h2>\n\n<p class=\"wp-block-paragraph\">La plus grande crainte lors de l\u2019ouverture de la cuisine est que le d\u00e9sordre ou les appareils \u00e9lectrom\u00e9nagers ne rompent l\u2019harmonie du salon.<\/p>\n\n<p class=\"wp-block-paragraph\">Pour y rem\u00e9dier, le design moderne propose de fantastiques solutions de dissimulation.<\/p>\n\n<h3 class=\"wp-block-heading\"><strong>\u00c9lectrom\u00e9nagers int\u00e9gr\u00e9s et habill\u00e9s<\/strong><\/h3>\n\n<p class=\"wp-block-paragraph\">Personne ne souhaite voir un grand r\u00e9frig\u00e9rateur blanc depuis son canap\u00e9.<\/p>\n\n<p class=\"wp-block-paragraph\">La solution consiste \u00e0 int\u00e9grer les r\u00e9frig\u00e9rateurs, lave-vaisselle et lave-linge derri\u00e8re des fa\u00e7ades identiques \u00e0 celles des autres <strong>modules<\/strong>.<\/p>\n\n<p class=\"wp-block-paragraph\">De cette fa\u00e7on, les appareils \u00e9lectrom\u00e9nagers disparaissent compl\u00e8tement et l\u2019ensemble para\u00eet \u00e9pur\u00e9 et \u00e9l\u00e9gant.<\/p>\n\n<figure class=\"wp-block-image aligncenter size-full\"><img decoding=\"async\" sizes=\"(max-width: 1024px) 100vw, 1024px\" src=\"https:\/\/obcocinas.es\/wp-content\/uploads\/2026\/07\/image-2-png.avif\" alt=\"\" class=\"wp-image-20677\"\/><\/figure>\n\n<h3 class=\"wp-block-heading\"><strong>Hottes aspirantes invisibles ou de plafond<\/strong><\/h3>\n\n<p class=\"wp-block-paragraph\">Une hotte traditionnelle peut devenir un obstacle visuel majeur au milieu d\u2019une pi\u00e8ce ouverte.<\/p>\n\n<p class=\"wp-block-paragraph\">Aujourd\u2019hui, vous pouvez opter pour des mod\u00e8les qui s\u2019int\u00e8grent \u00e0 fleur de faux plafond.<\/p>\n\n<p class=\"wp-block-paragraph\">Il existe \u00e9galement des mod\u00e8les escamotables ou des extracteurs int\u00e9gr\u00e9s directement dans la plaque de cuisson elle-m\u00eame.<\/p>\n\n<figure class=\"wp-block-table\"><table class=\"has-fixed-layout\"><tbody><tr><td><strong>\u00c9l\u00e9ment<\/strong><\/td><td><strong>Solution pour concept ouvert<\/strong><\/td><td><strong>B\u00e9n\u00e9fice visuel<\/strong><\/td><\/tr><tr><td><strong>\u00c9lectrom\u00e9nagers<\/strong><\/td><td>Habill\u00e9s avec la finition du meuble<\/td><td>Semblent faire partie du mobilier du salon<\/td><\/tr><tr><td><strong>Extraction de fum\u00e9es<\/strong><\/td><td>Hottes de plafond ou int\u00e9gr\u00e9es \u00e0 la plaque<\/td><td>\u00c9limine les obstacles \u00e0 hauteur des yeux<\/td><\/tr><tr><td><strong>S\u00e9paration des zones<\/strong><\/td><td>\u00celots ou p\u00e9ninsules avec taburetes<\/td><td>Transition douce sans monter de murs<\/td><\/tr><\/tbody><\/table><\/figure>\n\n<h2 class=\"wp-block-heading\"><strong>Concevez votre espace ouvert sur mesure avec OB Cocinas<\/strong><\/h2>\n\n<p class=\"wp-block-paragraph\">R\u00e9ussir une transition parfaite entre le salon et la cuisine exige de la pr\u00e9cision, des mat\u00e9riaux de qualit\u00e9 et une conception soign\u00e9e.<\/p>\n\n<p class=\"wp-block-paragraph\">Chez <strong>OB Cocinas<\/strong>, nous fabriquons des <strong>meubles<\/strong> sur mesure pour nous adapter aux dimensions exactas de votre foyer, garantissant une finition haut de gamme.<\/p>\n\n<p class=\"wp-block-paragraph\">Notre capacit\u00e9 de personnalisation nous permet de cr\u00e9er des espaces coh\u00e9rents, ordonn\u00e9s et pr\u00eats \u00e0 \u00eatre appr\u00e9ci\u00e9s en compagnie.<\/p>\n\n<p class=\"wp-block-paragraph\">Si vous \u00eates pr\u00eat \u00e0 ouvrir votre foyer au concept ouvert, <strong>trouvez votre distributeur officiel OB le plus proche<\/strong> et concr\u00e9tisez votre projet.<\/p>\n\n<div class=\"wp-block-cover wp-duotone-unset-1\"><img loading=\"lazy\" decoding=\"async\" width=\"1024\" height=\"683\" sizes=\"auto, (max-width: 1024px) 100vw, 1024px\" class=\"wp-block-cover__image-background wp-image-5223 size-large\" alt=\"\" src=\"https:\/\/obcocinas.es\/wp-content\/uploads\/2025\/11\/NI3E50_1-rsd-1024x683.jpg\" style=\"object-position:55% 52%\" data-object-fit=\"cover\" data-object-position=\"55% 52%\" srcset=\"https:\/\/obcocinas.es\/wp-content\/uploads\/2025\/11\/NI3E50_1-rsd-1024x683-jpg.avif 1024w, https:\/\/obcocinas.es\/wp-content\/uploads\/2025\/11\/NI3E50_1-rsd-1536x1024-jpg.avif 1536w, https:\/\/obcocinas.es\/wp-content\/uploads\/2025\/11\/NI3E50_1-rsd-2048x1365-jpg.avif 2048w\" \/><span aria-hidden=\"true\" class=\"wp-block-cover__background has-background-dim\"><\/span><div class=\"wp-block-cover__inner-container is-layout-flow wp-block-cover-is-layout-flow\">\n<div class=\"wp-block-columns is-layout-flex wp-container-core-columns-is-layout-89c98654 wp-block-columns-is-layout-flex\">\n<div class=\"wp-block-column is-layout-flow wp-block-column-is-layout-flow\"><\/div>\n\n\n\n<div class=\"wp-block-column is-layout-flow wp-block-column-is-layout-flow\">\n<h2 class=\"wp-block-heading has-text-align-right\">O\u00f9 acheter une cuisine OB ?<\/h2>\n\n\n\n<div style=\"height:10px\" aria-hidden=\"true\" class=\"wp-block-spacer\"><\/div>\n\n\n\n<p class=\"has-text-align-right wp-block-paragraph\" style=\"font-style:normal;font-weight:700\">TROUVEZ LE POINT DE VENTE DE CUISINES OB LE PLUS PROCHE DE CHEZ VOUS<\/p>\n\n\n\n<div style=\"height:10px\" aria-hidden=\"true\" class=\"wp-block-spacer\"><\/div>\n\n\n\n<div class=\"wp-block-buttons is-content-justification-right is-layout-flex wp-container-core-buttons-is-layout-a904f976 wp-block-buttons-is-layout-flex\">\n<div class=\"wp-block-button\"><a class=\"wp-block-button__link has-dark-color has-white-background-color has-text-color has-background has-link-color has-border-color has-black-border-color wp-element-button\" href=\"https:\/\/obcocinas.es\/fr\/magasins\/\" style=\"border-width:1px;border-top-left-radius:0px;border-top-right-radius:0px;border-bottom-left-radius:0px;border-bottom-right-radius:0px\">RECHERCHER UN POINT DE VENTE<\/a><\/div>\n<\/div>\n<\/div>\n<\/div>\n<\/div><\/div>\n","protected":false},"excerpt":{"rendered":"<p>Abattre des cloisons et unir les espaces est devenu la r\u00e9novation phare de la derni\u00e8re d\u00e9cennie. Les cuisines ouvertes sur le salon ont totalement transform\u00e9 notre fa\u00e7on de vivre et de profiter de notre foyer. Cependant, pour obtenir un r\u00e9sultat \u00e9l\u00e9gant, il ne suffit pas d\u2019abattre un mur. Voici les cl\u00e9s de conception pour fusionner [&hellip;]<\/p>\n","protected":false},"author":1,"featured_media":20813,"comment_status":"closed","ping_status":"closed","sticky":false,"template":"","format":"standard","meta":{"footnotes":""},"categories":[1065],"tags":[],"class_list":["post-20810","post","type-post","status-publish","format-standard","has-post-thumbnail","hentry","category-conseils"],"_links":{"self":[{"href":"https:\/\/obcocinas.es\/fr\/wp-json\/wp\/v2\/posts\/20810","targetHints":{"allow":["GET"]}}],"collection":[{"href":"https:\/\/obcocinas.es\/fr\/wp-json\/wp\/v2\/posts"}],"about":[{"href":"https:\/\/obcocinas.es\/fr\/wp-json\/wp\/v2\/types\/post"}],"author":[{"embeddable":true,"href":"https:\/\/obcocinas.es\/fr\/wp-json\/wp\/v2\/users\/1"}],"replies":[{"embeddable":true,"href":"https:\/\/obcocinas.es\/fr\/wp-json\/wp\/v2\/comments?post=20810"}],"version-history":[{"count":1,"href":"https:\/\/obcocinas.es\/fr\/wp-json\/wp\/v2\/posts\/20810\/revisions"}],"predecessor-version":[{"id":20814,"href":"https:\/\/obcocinas.es\/fr\/wp-json\/wp\/v2\/posts\/20810\/revisions\/20814"}],"wp:featuredmedia":[{"embeddable":true,"href":"https:\/\/obcocinas.es\/fr\/wp-json\/wp\/v2\/media\/20813"}],"wp:attachment":[{"href":"https:\/\/obcocinas.es\/fr\/wp-json\/wp\/v2\/media?parent=20810"}],"wp:term":[{"taxonomy":"category","embeddable":true,"href":"https:\/\/obcocinas.es\/fr\/wp-json\/wp\/v2\/categories?post=20810"},{"taxonomy":"post_tag","embeddable":true,"href":"https:\/\/obcocinas.es\/fr\/wp-json\/wp\/v2\/tags?post=20810"}],"curies":[{"name":"wp","href":"https:\/\/api.w.org\/{rel}","templated":true}]}}