{"id":20793,"date":"2026-07-28T11:06:08","date_gmt":"2026-07-28T09:06:08","guid":{"rendered":"https:\/\/obcocinas.es\/blog\/bars-de-cuisine-sintegrent-ils-dans-la-votre\/"},"modified":"2026-08-31T18:44:29","modified_gmt":"2026-08-31T16:44:29","slug":"bars-de-cuisine-sintegrent-ils-dans-la-votre","status":"publish","type":"post","link":"https:\/\/obcocinas.es\/fr\/blog\/bars-de-cuisine-sintegrent-ils-dans-la-votre\/","title":{"rendered":"Bars de cuisine : s\u2019int\u00e8grent-ils dans la v\u00f4tre ?"},"content":{"rendered":"\n<p class=\"wp-block-paragraph\">Il fut un temps o\u00f9 parler de bars de cuisine \u00e9voquait uniquement des espaces r\u00e9duits ou des solutions improvis\u00e9es pour des petits-d\u00e9jeuners rapides. Cependant, l\u2019\u00e9volution de l\u2019architecture d\u2019int\u00e9rieur les a transform\u00e9s en pi\u00e8ces ma\u00eetresses du design contemporain. Aujourd\u2019hui, un bar n\u2019est plus un simple ajout : c\u2019est un outil de distribution capable d\u2019articuler l\u2019espace, de favoriser la convivialit\u00e9 et de r\u00e9soudre des transitions complexes entre les ambiances.  <\/p>\n\n<p class=\"wp-block-paragraph\">Mais avant de se laisser emporter par l\u2019esth\u00e9tique impeccable des magazines de d\u00e9coration, il convient d\u2019analyser la r\u00e9alit\u00e9 de notre logement : un bar s\u2019int\u00e8gre-t-il vraiment dans votre cuisine ? Lequel est id\u00e9al en fonction de l\u2019agencement et de la vie quotidienne du foyer ? <\/p>\n\n<p class=\"wp-block-paragraph\">Nous examinons les crit\u00e8res de conception qui permettent d\u2019int\u00e9grer cette pi\u00e8ce avec succ\u00e8s et la vision strat\u00e9gique qu\u2019exige sa planification.<\/p>\n\n<h2 class=\"wp-block-heading\">L\u2019espace disponible : proportions et ergonomie<\/h2>\n\n<p class=\"wp-block-paragraph\">La premi\u00e8re question \u00e0 se poser n\u2019est pas de quel mat\u00e9riau nous voulons le bar, mais de combien d\u2019espace r\u00e9el nous disposons pour garantir une circulation fluide. Le design intelligent cherche \u00e0 \u00e9viter la sensation de saturation et d\u2019encombrement de l\u2019espace ; c\u2019est pourquoi un bar forc\u00e9 dans une pi\u00e8ce \u00e9troite finit par devenir un obstacle. <\/p>\n\n<p class=\"wp-block-paragraph\">C\u2019est pourquoi il faut tenir compte de certaines consid\u00e9rations :<\/p>\n\n<ul class=\"wp-block-list\">\n<li>Pour une circulation confortable, la distance minimale entre le bar et tout autre meuble ou mur doit \u00eatre d\u2019environ 90 \u00e0 100 cm. Si le bar comprend des tabourets, il faut pr\u00e9voir l\u2019espace n\u00e9cessaire pour les retirer et s\u2019asseoir confortablement sans g\u00eaner la zone de passage. <\/li>\n\n\n\n<li>Profondeur et d\u00e9bord : Un bar con\u00e7u pour manger n\u00e9cessite une profondeur minimale de 30 \u00e0 40 cm. Lorsque le bar fait partie d\u2019une p\u00e9ninsule ou d\u2019un \u00eelot, il est essentiel de calculer le \u00ab d\u00e9bord \u00bb du plan de travail pour que les jambes puissent s\u2019y glisser confortablement. <\/li>\n\n\n\n<li>La hauteur id\u00e9ale : Tous les bars ne remplissent pas la m\u00eame fonction. Les bars suspendus \u00e0 la hauteur du plan de travail (environ 90 cm du sol) sont tr\u00e8s confortables pour la pr\u00e9paration des aliments et n\u00e9cessitent des tabourets de hauteur moyenne. En revanche, les bars sur\u00e9lev\u00e9s (d\u2019environ 105 \u00e0 110 cm) aident \u00e0 masquer visuellement la zone de travail et l\u2019\u00e9vier depuis le salon, bien qu\u2019ils exigent des tabourets hauts.  <\/li>\n<\/ul>\n\n<h2 class=\"wp-block-heading\">De l\u2019esth\u00e9tique \u00e0 l\u2019usage pratique<\/h2>\n\n<p class=\"wp-block-paragraph\">Les options pour concevoir et int\u00e9grer un bar sont aussi diverses qu\u2019il y a de cuisines, mais examinons quelques solutions bas\u00e9es sur l\u2019architecture pr\u00e9existante.<\/p>\n\n<figure class=\"wp-block-image aligncenter size-large\"><img loading=\"lazy\" decoding=\"async\" width=\"1024\" height=\"768\" sizes=\"auto, (max-width: 1024px) 100vw, 1024px\" src=\"https:\/\/obcocinas.es\/wp-content\/uploads\/2026\/07\/image-1024x768.png\" alt=\"Bars de cuisine : s&#x2019;int&#xE8;grent-ils dans la v&#xF4;tre ?\" class=\"wp-image-20626\" srcset=\"https:\/\/obcocinas.es\/wp-content\/uploads\/2026\/07\/image-1024x768-png.avif 1024w, https:\/\/obcocinas.es\/wp-content\/uploads\/2026\/07\/image-1536x1152-png.avif 1536w, https:\/\/obcocinas.es\/wp-content\/uploads\/2026\/07\/image-png.avif 2048w\" \/><figcaption class=\"wp-element-caption\">Nivel2 Muebles<\/figcaption><\/figure>\n\n<h3 class=\"wp-block-heading\">Bars suspendus en \u00eelot ou en p\u00e9ninsule<\/h3>\n\n<p class=\"wp-block-paragraph\">C\u2019est l\u2019option la plus demand\u00e9e dans les projets \u00e0 concept ouvert. Elle consiste \u00e0 prolonger le plan de travail d\u2019un \u00eelot ou d\u2019une p\u00e9ninsule, cr\u00e9ant une transition continue et tr\u00e8s nette. De cette mani\u00e8re, des zones de travail peuvent \u00eatre combin\u00e9es avec un coin repas informel dans le m\u00eame espace.  <\/p>\n\n<figure class=\"wp-block-image aligncenter size-full\"><img decoding=\"async\" sizes=\"(max-width: 630px) 100vw, 630px\" src=\"https:\/\/obcocinas.es\/wp-content\/uploads\/2026\/07\/image-10-jpeg.avif\" alt=\"Bars de cuisine : s&#x2019;int&#xE8;grent-ils dans la v&#xF4;tre ?\" class=\"wp-image-20623\"\/><figcaption class=\"wp-element-caption\">Mobles Zamora<\/figcaption><\/figure>\n\n<h3 class=\"wp-block-heading\">Bars autoportants ou en cascade<\/h3>\n\n<p class=\"wp-block-paragraph\">Lorsque l\u2019espace le permet, les bars avec un c\u00f4t\u00e9 continu jusqu\u2019au sol (effet cascade) agissent comme de v\u00e9ritables \u00e9l\u00e9ments architecturaux. Leur volume autoportant avec une structure l\u00e9g\u00e8re permet de structurer l\u2019ambiance sans nuire \u00e0 la lumi\u00e8re naturelle et \u00e0 la clart\u00e9 visuelle. <\/p>\n\n<figure class=\"wp-block-image aligncenter size-full\"><img decoding=\"async\" sizes=\"(max-width: 593px) 100vw, 593px\" src=\"https:\/\/obcocinas.es\/wp-content\/uploads\/2026\/07\/image-12-jpeg.avif\" alt=\"Bars de cuisine : s&#x2019;int&#xE8;grent-ils dans la v&#xF4;tre ?\" class=\"wp-image-20625\"\/><figcaption class=\"wp-element-caption\">Cuines Teixidor<\/figcaption><\/figure>\n\n<h3 class=\"wp-block-heading\">Solutions pour cuisines \u00e9troites ou avec \u00e9l\u00e9ments structurels<\/h3>\n\n<p class=\"wp-block-paragraph\">Que se passe-t-il si la cuisine est allong\u00e9e ou comporte des piliers interm\u00e9diaires ? Au lieu de consid\u00e9rer les colonnes, les murs ou les murets comme un inconv\u00e9nient, l\u2019architecture d\u2019int\u00e9rieur les utilise comme points d\u2019ancrage. Le bar peut s\u2019appuyer directement sur l\u2019une de ces structures, cr\u00e9ant une zone de support efficace et pleine de caract\u00e8re.  <\/p>\n\n<figure class=\"wp-block-image aligncenter size-large\"><img loading=\"lazy\" decoding=\"async\" width=\"1024\" height=\"682\" sizes=\"auto, (max-width: 1024px) 100vw, 1024px\" src=\"https:\/\/obcocinas.es\/wp-content\/uploads\/2026\/07\/image-9-1024x682.jpeg\" alt=\"Bars de cuisine : s&#x2019;int&#xE8;grent-ils dans la v&#xF4;tre ?\" class=\"wp-image-20622\" srcset=\"https:\/\/obcocinas.es\/wp-content\/uploads\/2026\/07\/image-9-1024x682-jpeg.avif 1024w, https:\/\/obcocinas.es\/wp-content\/uploads\/2026\/07\/image-9-1536x1024-jpeg.avif 1536w, https:\/\/obcocinas.es\/wp-content\/uploads\/2026\/07\/image-9-jpeg.avif 1772w\" \/><figcaption class=\"wp-element-caption\">Apal<\/figcaption><\/figure>\n\n<p class=\"wp-block-paragraph\">De m\u00eame, int\u00e9grer un bar suspendu le long d\u2019une fen\u00eatre ou d\u2019un mur permet d\u2019exploiter les coins et les renfoncements, transformant les zones mortes en espaces parfaits pour le quotidien.<\/p>\n\n<figure class=\"wp-block-image aligncenter size-full\"><img decoding=\"async\" sizes=\"(max-width: 710px) 100vw, 710px\" src=\"https:\/\/obcocinas.es\/wp-content\/uploads\/2026\/07\/image-11-jpeg.avif\" alt=\"Bars de cuisine : s&#x2019;int&#xE8;grent-ils dans la v&#xF4;tre ?\" class=\"wp-image-20624\"\/><figcaption class=\"wp-element-caption\">VMV Arquitectura<\/figcaption><\/figure>\n\n<h2 class=\"wp-block-heading\">Mat\u00e9riaux et textures : la recherche de l\u2019\u00e9quilibre<\/h2>\n\n<p class=\"wp-block-paragraph\">Un bar ne doit pas \u00eatre consid\u00e9r\u00e9 de mani\u00e8re isol\u00e9e, mais comme faisant partie de la palette de mat\u00e9riaux de l\u2019ensemble du logement. De plus, comme c\u2019est un \u00e9l\u00e9ment expos\u00e9 au contact direct et continu, la s\u00e9lection des finitions est d\u00e9terminante pour sa durabilit\u00e9 visuelle et physique. <\/p>\n\n<p class=\"wp-block-paragraph\">Les bois de ch\u00eane ou de noyer (ou des stratifi\u00e9s de haute qualit\u00e9 qui imitent leurs veines) sont la ressource par excellence pour rompre la froideur des cuisines monochromes ou aux lignes \u00e9pur\u00e9es.<\/p>\n\n<p class=\"wp-block-paragraph\">Si la cuisine est majoritairement blanche, grise ou bleue, l\u2019introduction de la chaleur du bois dans le bar \u00e9quilibre la temp\u00e9rature chromatique de l\u2019espace.<\/p>\n\n<p class=\"wp-block-paragraph\">De leur c\u00f4t\u00e9, la continuit\u00e9 des porcelaines ou des pierres synth\u00e9tiques sur toute la surface apporte une esth\u00e9tique sereine et sobre, id\u00e9ale pour les projets de style minimaliste.<\/p>\n","protected":false},"excerpt":{"rendered":"<p>Un bar s\u2019int\u00e8gre-t-il vraiment dans votre cuisine ? Lequel est id\u00e9al en fonction de l\u2019agencement et de la vie quotidienne du foyer ? <\/p>\n","protected":false},"author":8,"featured_media":20797,"comment_status":"open","ping_status":"open","sticky":false,"template":"","format":"standard","meta":{"footnotes":""},"categories":[1066,1065],"tags":[],"class_list":["post-20793","post","type-post","status-publish","format-standard","has-post-thumbnail","hentry","category-inspiration-fr","category-conseils"],"_links":{"self":[{"href":"https:\/\/obcocinas.es\/fr\/wp-json\/wp\/v2\/posts\/20793","targetHints":{"allow":["GET"]}}],"collection":[{"href":"https:\/\/obcocinas.es\/fr\/wp-json\/wp\/v2\/posts"}],"about":[{"href":"https:\/\/obcocinas.es\/fr\/wp-json\/wp\/v2\/types\/post"}],"author":[{"embeddable":true,"href":"https:\/\/obcocinas.es\/fr\/wp-json\/wp\/v2\/users\/8"}],"replies":[{"embeddable":true,"href":"https:\/\/obcocinas.es\/fr\/wp-json\/wp\/v2\/comments?post=20793"}],"version-history":[{"count":1,"href":"https:\/\/obcocinas.es\/fr\/wp-json\/wp\/v2\/posts\/20793\/revisions"}],"predecessor-version":[{"id":20798,"href":"https:\/\/obcocinas.es\/fr\/wp-json\/wp\/v2\/posts\/20793\/revisions\/20798"}],"wp:featuredmedia":[{"embeddable":true,"href":"https:\/\/obcocinas.es\/fr\/wp-json\/wp\/v2\/media\/20797"}],"wp:attachment":[{"href":"https:\/\/obcocinas.es\/fr\/wp-json\/wp\/v2\/media?parent=20793"}],"wp:term":[{"taxonomy":"category","embeddable":true,"href":"https:\/\/obcocinas.es\/fr\/wp-json\/wp\/v2\/categories?post=20793"},{"taxonomy":"post_tag","embeddable":true,"href":"https:\/\/obcocinas.es\/fr\/wp-json\/wp\/v2\/tags?post=20793"}],"curies":[{"name":"wp","href":"https:\/\/api.w.org\/{rel}","templated":true}]}}