{"id":20782,"date":"2026-07-28T11:17:21","date_gmt":"2026-07-28T09:17:21","guid":{"rendered":"https:\/\/obcocinas.es\/blog\/en-profondeur-une-cuisine-chargee-de-caractere-par-sistema-cuina\/"},"modified":"2026-08-31T13:10:57","modified_gmt":"2026-08-31T11:10:57","slug":"en-profondeur-une-cuisine-chargee-de-caractere-par-sistema-cuina","status":"publish","type":"post","link":"https:\/\/obcocinas.es\/fr\/blog\/en-profondeur-une-cuisine-chargee-de-caractere-par-sistema-cuina\/","title":{"rendered":"En profondeur : une cuisine charg\u00e9e de caract\u00e8re par Sistema Cuina"},"content":{"rendered":"\n<p class=\"wp-block-paragraph\">La conception de cuisines contemporaines a d\u00e9pass\u00e9 la phase o\u00f9 la fonctionnalit\u00e9 et l&rsquo;esth\u00e9tique se disputaient le r\u00f4le principal. Aujourd&rsquo;hui, l&rsquo;architecture d&rsquo;int\u00e9rieur cherche \u00e0 projeter des espaces habitables, expressifs et structur\u00e9s avec rigueur. Dans cette nouvelle \u00e9dition de notre section \u00ab En profondeur \u00bb, nous analysons un projet sign\u00e9 <a href=\"https:\/\/obcocinas.es\/tiendas\/barcelona\/sistema-cuina-barcelona\/\">Sistema Cuina<\/a>, l&rsquo;un de nos distributeurs \u00e0 Barcelone.  <\/p>\n\n<p class=\"wp-block-paragraph\">Dans cette proposition, le studio barcelonais d\u00e9montre comment une s\u00e9lection de mat\u00e9riaux r\u00e9fl\u00e9chie et une planification spatiale intelligente transforment un espace de travail en v\u00e9ritable c\u0153ur de l&rsquo;habitation. M\u00eame lorsqu&rsquo;il s&rsquo;agit a priori d&rsquo;une \u00ab petite \u00bb cuisine. D\u00e9couvrons-la.  <\/p>\n\n<figure class=\"wp-block-image aligncenter size-large\"><img loading=\"lazy\" decoding=\"async\" width=\"768\" height=\"1024\" sizes=\"auto, (max-width: 768px) 100vw, 768px\" src=\"https:\/\/obcocinas.es\/wp-content\/uploads\/2026\/07\/image-15-768x1024.jpeg\" alt=\"En profondeur : une cuisine charg&#xE9;e de caract&#xE8;re par Sistema Cuina\" class=\"wp-image-20634\" srcset=\"https:\/\/obcocinas.es\/wp-content\/uploads\/2026\/07\/image-15-225x300-jpeg.avif 225w, https:\/\/obcocinas.es\/wp-content\/uploads\/2026\/07\/image-15-jpeg.avif 788w\" \/><figcaption class=\"wp-element-caption\">Sistema Cuina<\/figcaption><\/figure>\n\n<h2 class=\"wp-block-heading\">La force de la palette : le vert argile et le ch\u00eane<\/h2>\n\n<p class=\"wp-block-paragraph\">Le premier \u00e9l\u00e9ment qui d\u00e9finit la personnalit\u00e9 de ce projet est son discours chromatique et mat\u00e9riel judicieux. Loin de la neutralit\u00e9 conventionnelle du blanc (si r\u00e9currente dans les petites et moyennes cuisines), Sistema Cuina a choisi de cr\u00e9er une atmosph\u00e8re profonde et enveloppante en utilisant une combinaison contrast\u00e9e. <\/p>\n\n<figure class=\"wp-block-image aligncenter size-large\"><img loading=\"lazy\" decoding=\"async\" width=\"768\" height=\"1024\" sizes=\"auto, (max-width: 768px) 100vw, 768px\" src=\"https:\/\/obcocinas.es\/wp-content\/uploads\/2026\/07\/image-14-768x1024.jpeg\" alt=\"En profondeur : une cuisine charg&#xE9;e de caract&#xE8;re par Sistema Cuina\" class=\"wp-image-20633\" srcset=\"https:\/\/obcocinas.es\/wp-content\/uploads\/2026\/07\/image-14-225x300-jpeg.avif 225w, https:\/\/obcocinas.es\/wp-content\/uploads\/2026\/07\/image-14-jpeg.avif 788w\" \/><figcaption class=\"wp-element-caption\">Sistema Cuina<\/figcaption><\/figure>\n\n<p class=\"wp-block-paragraph\">Pour le bloc principal de rangement qui parcourt en L tous les murs de la cuisine, le studio a s\u00e9lectionn\u00e9 notre mod\u00e8le Gand\u00eda en vert argile, l&rsquo;une des teintes les plus utilis\u00e9es r\u00e9cemment pour sa capacit\u00e9 \u00e0 transmettre \u00e9quilibre et s\u00e9r\u00e9nit\u00e9.<\/p>\n\n<p class=\"wp-block-paragraph\">La particularit\u00e9 du mod\u00e8le Gand\u00eda est qu&rsquo;il pr\u00e9sente diff\u00e9rents sous-mod\u00e8les. Pour ce projet, il a \u00e9t\u00e9 utilis\u00e9 dans sa version basique et dans sa version profil J avec sa prise int\u00e9gr\u00e9e, fabriqu\u00e9e directement \u00e0 partir d&rsquo;un \u00e9videment dans la fa\u00e7ade elle-m\u00eame. Cette solution technique \u00e9limine le besoin de poign\u00e9es ajout\u00e9es, obtenant des lignes \u00e9pur\u00e9es, continues et d&rsquo;une grande propret\u00e9 visuelle.   <\/p>\n\n<p class=\"wp-block-paragraph\">En contrepoint chaleureux, il a \u00e9t\u00e9 combin\u00e9 avec le mod\u00e8le Amazonas, notre stratifi\u00e9 \u00e0 effet bois de ch\u00eane. Appliqu\u00e9 strat\u00e9giquement dans des zones cl\u00e9s, comme la p\u00e9ninsule ou le coin petit-d\u00e9jeuner, il introduit la texture organique des veines naturelles, cr\u00e9ant un dialogue visuel \u00e9quilibr\u00e9 entre la modernit\u00e9 urbaine et la chaleur ambiante. <\/p>\n\n<figure class=\"wp-block-image aligncenter size-large\"><img loading=\"lazy\" decoding=\"async\" width=\"768\" height=\"1024\" sizes=\"auto, (max-width: 768px) 100vw, 768px\" src=\"https:\/\/obcocinas.es\/wp-content\/uploads\/2026\/07\/image-18-768x1024.jpeg\" alt=\"En profondeur : une cuisine charg&#xE9;e de caract&#xE8;re par Sistema Cuina\" class=\"wp-image-20637\" srcset=\"https:\/\/obcocinas.es\/wp-content\/uploads\/2026\/07\/image-18-225x300-jpeg.avif 225w, https:\/\/obcocinas.es\/wp-content\/uploads\/2026\/07\/image-18-jpeg.avif 788w\" \/><figcaption class=\"wp-element-caption\">Sistema Cuina<\/figcaption><\/figure>\n\n<h2 class=\"wp-block-heading\">Planification intelligente : verticalit\u00e9 et p\u00e9ninsule op\u00e9rationnelle<\/h2>\n\n<p class=\"wp-block-paragraph\">En termes de distribution, le projet r\u00e9sout avec ma\u00eetrise l&rsquo;optimisation de la surface et la fluidit\u00e9 des mouvements. La strat\u00e9gie de conception s&rsquo;appuie sur deux \u00e9l\u00e9ments cl\u00e9s : <\/p>\n\n<ul class=\"wp-block-list\">\n<li>Meubles hauts du sol au plafond : Les fa\u00e7ades ont \u00e9t\u00e9 con\u00e7ues de mani\u00e8re verticale pour cr\u00e9er une sensation de continuit\u00e9. Cette solution maximise non seulement la capacit\u00e9 de rangement, mais \u00e9limine \u00e9galement les espaces sup\u00e9rieurs inutiles, offrant un aspect architectural uniforme qui affine l&rsquo;espace. <\/li>\n\n\n\n<li>P\u00e9ninsule structurante : Au lieu de forcer un \u00eelot isol\u00e9, l&rsquo;\u00e9quipe de Sistema Cuina a opt\u00e9 pour l&rsquo;installation d&rsquo;une p\u00e9ninsule. Cette pi\u00e8ce prolonge une grande surface de travail et d\u00e9limite la zone de la cuisine par rapport au reste de l&rsquo;habitation sans fermer l&rsquo;espace, et fonctionne simultan\u00e9ment comme zone de pr\u00e9paration des aliments et comme bar informel pour le quotidien. <\/li>\n<\/ul>\n\n<figure class=\"wp-block-image aligncenter size-large\"><img loading=\"lazy\" decoding=\"async\" width=\"768\" height=\"1024\" sizes=\"auto, (max-width: 768px) 100vw, 768px\" src=\"https:\/\/obcocinas.es\/wp-content\/uploads\/2026\/07\/image-16-768x1024.jpeg\" alt=\"En profondeur : une cuisine charg&#xE9;e de caract&#xE8;re par Sistema Cuina\" class=\"wp-image-20635\" srcset=\"https:\/\/obcocinas.es\/wp-content\/uploads\/2026\/07\/image-16-225x300-jpeg.avif 225w, https:\/\/obcocinas.es\/wp-content\/uploads\/2026\/07\/image-16-jpeg.avif 788w\" \/><figcaption class=\"wp-element-caption\">Sistema Cuina<\/figcaption><\/figure>\n\n<h2 class=\"wp-block-heading\">Le coin petit-d\u00e9jeuner : des d\u00e9tails pour faciliter le quotidien<\/h2>\n\n<p class=\"wp-block-paragraph\">L&rsquo;une des grandes r\u00e9ussites de ce projet est l&rsquo;inclusion d&rsquo;un coin petit-d\u00e9jeuner int\u00e9gr\u00e9 dans la composition des colonnes. Ce meuble ouvert cr\u00e9e un espace technique sp\u00e9cifique pour les petits \u00e9lectrom\u00e9nagers et autres ustensiles qui doivent \u00eatre \u00e0 port\u00e9e de main. <\/p>\n\n<p class=\"wp-block-paragraph\">En utilisant comme structure le mod\u00e8le Amazonas avec \u00e9clairage int\u00e9gr\u00e9, on rompt la monotonie de la fa\u00e7ade verte. Cette ressource ajoute en outre de la tridimensionnalit\u00e9 et d\u00e9montre comment la planification personnalis\u00e9e peut transformer une routine quotidienne en un geste agr\u00e9able. <\/p>\n\n<figure class=\"wp-block-image aligncenter size-large\"><img loading=\"lazy\" decoding=\"async\" width=\"768\" height=\"1024\" sizes=\"auto, (max-width: 768px) 100vw, 768px\" src=\"https:\/\/obcocinas.es\/wp-content\/uploads\/2026\/07\/image-13-768x1024.jpeg\" alt=\"En profondeur : une cuisine charg&#xE9;e de caract&#xE8;re par Sistema Cuina\" class=\"wp-image-20632\" srcset=\"https:\/\/obcocinas.es\/wp-content\/uploads\/2026\/07\/image-13-225x300-jpeg.avif 225w, https:\/\/obcocinas.es\/wp-content\/uploads\/2026\/07\/image-13-jpeg.avif 788w\" \/><figcaption class=\"wp-element-caption\">Sistema Cuina<\/figcaption><\/figure>\n\n<h2 class=\"wp-block-heading\">Combinaison de mat\u00e9riaux : texture, sol et structure<\/h2>\n\n<p class=\"wp-block-paragraph\">Mais un grand projet d&rsquo;architecture d&rsquo;int\u00e9rieur ne se mesure pas uniquement par ses meubles, mais par la mani\u00e8re dont ceux-ci dialoguent avec l&rsquo;architecture pr\u00e9existante. Sistema Cuina a coordonn\u00e9 avec pr\u00e9cision chaque \u00e9l\u00e9ment pour cr\u00e9er un contexte coh\u00e9rent : <\/p>\n\n<ul class=\"wp-block-list\">\n<li>Le plan de travail et le rev\u00eatement mural : Pour le plan de travail, une surface claire et lisse a \u00e9t\u00e9 s\u00e9lectionn\u00e9e, unifiant la zone de travail, et pour le frontal, le choix s&rsquo;est port\u00e9 sur l&rsquo;ajout de texture et de dynamisme avec ces carreaux d&rsquo;esth\u00e9tique artisanale.<\/li>\n\n\n\n<li>La poutre apparente : Respecter la poutre structurelle apparente et la laisser int\u00e9gr\u00e9e dans la composition visuelle apporte un caract\u00e8re industriel et authentique. Au lieu de la dissimuler, cet \u00e9l\u00e9ment architectural dialogue directement avec la chaleur du mod\u00e8le Amazonas et la fra\u00eecheur du Gand\u00eda en vert argile. <\/li>\n\n\n\n<li>Le sol, quant \u00e0 lui, fournit la base neutre n\u00e9cessaire pour supporter le poids chromatique du mobilier sans saturer l&rsquo;ensemble.<\/li>\n<\/ul>\n\n<figure class=\"wp-block-image aligncenter size-large\"><img loading=\"lazy\" decoding=\"async\" width=\"768\" height=\"1024\" sizes=\"auto, (max-width: 768px) 100vw, 768px\" src=\"https:\/\/obcocinas.es\/wp-content\/uploads\/2026\/07\/image-17-768x1024.jpeg\" alt=\"En profondeur : une cuisine charg&#xE9;e de caract&#xE8;re par Sistema Cuina\" class=\"wp-image-20636\" srcset=\"https:\/\/obcocinas.es\/wp-content\/uploads\/2026\/07\/image-17-225x300-jpeg.avif 225w, https:\/\/obcocinas.es\/wp-content\/uploads\/2026\/07\/image-17-jpeg.avif 788w\" \/><figcaption class=\"wp-element-caption\">Sistema Cuina<\/figcaption><\/figure>\n\n<h2 class=\"wp-block-heading\">Une conception con\u00e7ue pour perdurer<\/h2>\n\n<p class=\"wp-block-paragraph\">En d\u00e9finitive, ce projet est le reflet \u00e9vident des valeurs que nous d\u00e9fendons chez OB Cocinas : cr\u00e9er des solutions qui r\u00e9pondent aux besoins r\u00e9els de chaque foyer.<\/p>\n\n<p class=\"wp-block-paragraph\">L&rsquo;harmonie entre le vert argile, la chaleur de la finition ch\u00eane et l&rsquo;intelligente distribution en p\u00e9ninsule d\u00e9montrent que, lorsque la conception est envisag\u00e9e depuis la fonctionnalit\u00e9 et la coh\u00e9rence esth\u00e9tique, le r\u00e9sultat est une cuisine charg\u00e9e de caract\u00e8re et pleinement intemporelle.<\/p>\n","protected":false},"excerpt":{"rendered":"<p>Sistema Cuina nous d\u00e9montre comment une s\u00e9lection de mat\u00e9riaux r\u00e9fl\u00e9chie peut transformer votre cuisine en v\u00e9ritable c\u0153ur de votre maison.<\/p>\n","protected":false},"author":8,"featured_media":20663,"comment_status":"open","ping_status":"open","sticky":false,"template":"","format":"standard","meta":{"footnotes":""},"categories":[280],"tags":[],"class_list":["post-20782","post","type-post","status-publish","format-standard","has-post-thumbnail","hentry","category-non-categorise"],"_links":{"self":[{"href":"https:\/\/obcocinas.es\/fr\/wp-json\/wp\/v2\/posts\/20782","targetHints":{"allow":["GET"]}}],"collection":[{"href":"https:\/\/obcocinas.es\/fr\/wp-json\/wp\/v2\/posts"}],"about":[{"href":"https:\/\/obcocinas.es\/fr\/wp-json\/wp\/v2\/types\/post"}],"author":[{"embeddable":true,"href":"https:\/\/obcocinas.es\/fr\/wp-json\/wp\/v2\/users\/8"}],"replies":[{"embeddable":true,"href":"https:\/\/obcocinas.es\/fr\/wp-json\/wp\/v2\/comments?post=20782"}],"version-history":[{"count":1,"href":"https:\/\/obcocinas.es\/fr\/wp-json\/wp\/v2\/posts\/20782\/revisions"}],"predecessor-version":[{"id":20783,"href":"https:\/\/obcocinas.es\/fr\/wp-json\/wp\/v2\/posts\/20782\/revisions\/20783"}],"wp:featuredmedia":[{"embeddable":true,"href":"https:\/\/obcocinas.es\/fr\/wp-json\/wp\/v2\/media\/20663"}],"wp:attachment":[{"href":"https:\/\/obcocinas.es\/fr\/wp-json\/wp\/v2\/media?parent=20782"}],"wp:term":[{"taxonomy":"category","embeddable":true,"href":"https:\/\/obcocinas.es\/fr\/wp-json\/wp\/v2\/categories?post=20782"},{"taxonomy":"post_tag","embeddable":true,"href":"https:\/\/obcocinas.es\/fr\/wp-json\/wp\/v2\/tags?post=20782"}],"curies":[{"name":"wp","href":"https:\/\/api.w.org\/{rel}","templated":true}]}}